{"id":993,"date":"2024-01-23T18:59:01","date_gmt":"2024-01-23T18:59:01","guid":{"rendered":"https:\/\/notidiario24.com.ar\/portalweb\/?p=993"},"modified":"2024-01-23T18:59:02","modified_gmt":"2024-01-23T18:59:02","slug":"pablo-grasso-convoco-a-la-conformacion-del-foro-multisectorial-contra-el-dnu-y-la-ley-omnibus","status":"publish","type":"post","link":"https:\/\/notidiario24.com.ar\/portalweb\/2024\/01\/23\/pablo-grasso-convoco-a-la-conformacion-del-foro-multisectorial-contra-el-dnu-y-la-ley-omnibus\/","title":{"rendered":"Pablo Grasso convoc\u00f3 a la conformaci\u00f3n del Foro Multisectorial contra el DNU y la Ley \u00d3mnibus"},"content":{"rendered":"\n<p>Organizaciones barriales, sindicatos, profesionales, comerciantes, asociaciones civiles, la universidad, partidos pol\u00edticos, trabajadores de YCRT, jubilados, trabajadores del Estado, y vecinos y vecinas, entre otros, conforman este nuevo espacio de debate impulsado por el Intendente Pablo Grasso. La primera reuni\u00f3n se realiz\u00f3 hoy con el fin de analizar el Decreto de Necesidad y Urgencia y la Ley \u00d3mnibus que impulsa el Gobierno Nacional.<\/p>\n\n\n\n<!--more-->\n\n\n\n<p>El encuentro se realiz\u00f3 en el Teatro Municipal de R\u00edo Gallegos y cont\u00f3 con unos 25 expositores que dieron a conocer su parecer sobre las iniciativas de Presidente Javier Milei que se debaten en el Congreso Nacional y que son rechazadas por un amplio sector de la poblaci\u00f3n. Esta reuni\u00f3n tambi\u00e9n sirvi\u00f3 para avanzar en la organizaci\u00f3n de una movilizaci\u00f3n popular el pr\u00f3ximo 24 de enero.<br>La mesa es encabezada por Pablo Grasso, y cuenta con la participaci\u00f3n de decenas de organizaciones y sectores sociales. Este primer encuentro tuvo como oradores principales al propio Grasso, a Jorge Rojas, Secretario General Adjunto de La Bancaria, a la Diputada Agostina Mora, al Secretario General de Sindicato de Empleados Municipales Pedro Mansilla, y a Graciela Suarez, de la Red de Mujeres Solidarias.<br>La actividad fue organizada en conjunto por la Secretar\u00eda de Gobierno y la Secretar\u00eda de Coordinaci\u00f3n Ejecutiva del Municipio, respondiendo a un pedido del Intendente Pablo Grasso, que d\u00edas atr\u00e1s particip\u00f3 de una reuni\u00f3n de la Federaci\u00f3n Argentina de Municipios en la que, entre otras cosas, se defini\u00f3 la conformaci\u00f3n de foros locales para el an\u00e1lisis y debate del analizar el Decreto de Necesidad y Urgencia y la Ley \u00d3mnibus que impulsa el Gobierno Nacional.<br>A su turno, tomaron la palabra el abogado Eduardo Stobel, que tiene a cargo la revisi\u00f3n de la Ley de Salud Mental; la abogada Andrea Chamorro; trabajadores jubilados de Yacimientos Carbon\u00edferos R\u00edo Turbio; el presidente de la Junta Vecinal Arrabales Ra\u00fal Burgos; dirigentes de asociaciones civiles; integrantes de organizaciones barriales que asisten a familias en situaci\u00f3n de vulnerabilidad; profesionales de la psicolog\u00eda; referentes del Sindicato de Empleados de Comercio; del ex Ministerio de Igualdad de la provincia, la concejala Soledad Kamu; profesionales de salud; integrantes de organizaciones que trabajan con personas con discapacidad; el docente e investigador Miguel Auzoberr\u00eda; Rafael Castillo en representaci\u00f3n de la cultura; y ex funcionarios como Juan Carlos Villafa\u00f1e. Adem\u00e1s, se ley\u00f3 un documento firmado por integrantes del Consejo Local del Partido Justicialista de R\u00edo Turbio.<br>A su turno, en estos testimonios se destac\u00f3 la importancia de organizarse para analizar y debatir sobre las iniciativas del Gobierno Nacional, a las que se consider\u00f3 que quitan derechos y perjudican a la poblaci\u00f3n en distintos aspectos. Tambi\u00e9n hubo cr\u00edticas al gobierno provincial y an\u00e1lisis de situaciones puntuales de cada sector.<\/p>\n\n\n\n<figure class=\"wp-block-gallery has-nested-images columns-default is-cropped wp-block-gallery-1 is-layout-flex wp-block-gallery-is-layout-flex\">\n<figure class=\"wp-block-image size-large\"><img loading=\"lazy\" decoding=\"async\" width=\"1024\" height=\"683\" data-id=\"995\" src=\"https:\/\/notidiario24.com.ar\/portalweb\/wp-content\/uploads\/2024\/01\/medios-7-de-7-1024x683.jpg\" alt=\"\" class=\"wp-image-995\" srcset=\"https:\/\/notidiario24.com.ar\/portalweb\/wp-content\/uploads\/2024\/01\/medios-7-de-7-1024x683.jpg 1024w, https:\/\/notidiario24.com.ar\/portalweb\/wp-content\/uploads\/2024\/01\/medios-7-de-7-300x200.jpg 300w, https:\/\/notidiario24.com.ar\/portalweb\/wp-content\/uploads\/2024\/01\/medios-7-de-7-768x512.jpg 768w, https:\/\/notidiario24.com.ar\/portalweb\/wp-content\/uploads\/2024\/01\/medios-7-de-7-1536x1024.jpg 1536w, https:\/\/notidiario24.com.ar\/portalweb\/wp-content\/uploads\/2024\/01\/medios-7-de-7.jpg 2048w\" sizes=\"auto, (max-width: 1024px) 100vw, 1024px\" \/><\/figure>\n\n\n\n<figure class=\"wp-block-image size-large\"><img loading=\"lazy\" decoding=\"async\" width=\"1024\" height=\"683\" data-id=\"998\" src=\"https:\/\/notidiario24.com.ar\/portalweb\/wp-content\/uploads\/2024\/01\/medios-3-de-7-1-1024x683.jpg\" alt=\"\" class=\"wp-image-998\" srcset=\"https:\/\/notidiario24.com.ar\/portalweb\/wp-content\/uploads\/2024\/01\/medios-3-de-7-1-1024x683.jpg 1024w, https:\/\/notidiario24.com.ar\/portalweb\/wp-content\/uploads\/2024\/01\/medios-3-de-7-1-300x200.jpg 300w, https:\/\/notidiario24.com.ar\/portalweb\/wp-content\/uploads\/2024\/01\/medios-3-de-7-1-768x512.jpg 768w, https:\/\/notidiario24.com.ar\/portalweb\/wp-content\/uploads\/2024\/01\/medios-3-de-7-1-1536x1024.jpg 1536w, https:\/\/notidiario24.com.ar\/portalweb\/wp-content\/uploads\/2024\/01\/medios-3-de-7-1.jpg 2048w\" sizes=\"auto, (max-width: 1024px) 100vw, 1024px\" \/><\/figure>\n\n\n\n<figure class=\"wp-block-image size-large\"><img loading=\"lazy\" decoding=\"async\" width=\"1024\" height=\"683\" data-id=\"997\" src=\"https:\/\/notidiario24.com.ar\/portalweb\/wp-content\/uploads\/2024\/01\/medios-6-de-7-1024x683.jpg\" alt=\"\" class=\"wp-image-997\" srcset=\"https:\/\/notidiario24.com.ar\/portalweb\/wp-content\/uploads\/2024\/01\/medios-6-de-7-1024x683.jpg 1024w, https:\/\/notidiario24.com.ar\/portalweb\/wp-content\/uploads\/2024\/01\/medios-6-de-7-300x200.jpg 300w, https:\/\/notidiario24.com.ar\/portalweb\/wp-content\/uploads\/2024\/01\/medios-6-de-7-768x512.jpg 768w, https:\/\/notidiario24.com.ar\/portalweb\/wp-content\/uploads\/2024\/01\/medios-6-de-7-1536x1024.jpg 1536w, https:\/\/notidiario24.com.ar\/portalweb\/wp-content\/uploads\/2024\/01\/medios-6-de-7.jpg 2048w\" sizes=\"auto, (max-width: 1024px) 100vw, 1024px\" \/><\/figure>\n\n\n\n<figure class=\"wp-block-image size-large\"><img loading=\"lazy\" decoding=\"async\" width=\"1024\" height=\"683\" data-id=\"996\" src=\"https:\/\/notidiario24.com.ar\/portalweb\/wp-content\/uploads\/2024\/01\/medios-5-de-7-1024x683.jpg\" alt=\"\" class=\"wp-image-996\" srcset=\"https:\/\/notidiario24.com.ar\/portalweb\/wp-content\/uploads\/2024\/01\/medios-5-de-7-1024x683.jpg 1024w, https:\/\/notidiario24.com.ar\/portalweb\/wp-content\/uploads\/2024\/01\/medios-5-de-7-300x200.jpg 300w, https:\/\/notidiario24.com.ar\/portalweb\/wp-content\/uploads\/2024\/01\/medios-5-de-7-768x512.jpg 768w, https:\/\/notidiario24.com.ar\/portalweb\/wp-content\/uploads\/2024\/01\/medios-5-de-7-1536x1024.jpg 1536w, https:\/\/notidiario24.com.ar\/portalweb\/wp-content\/uploads\/2024\/01\/medios-5-de-7.jpg 2048w\" sizes=\"auto, (max-width: 1024px) 100vw, 1024px\" \/><\/figure>\n\n\n\n<figure class=\"wp-block-image size-large\"><img loading=\"lazy\" decoding=\"async\" width=\"1024\" height=\"683\" data-id=\"994\" src=\"https:\/\/notidiario24.com.ar\/portalweb\/wp-content\/uploads\/2024\/01\/medios-2-de-7-1024x683.jpg\" alt=\"\" class=\"wp-image-994\" srcset=\"https:\/\/notidiario24.com.ar\/portalweb\/wp-content\/uploads\/2024\/01\/medios-2-de-7-1024x683.jpg 1024w, https:\/\/notidiario24.com.ar\/portalweb\/wp-content\/uploads\/2024\/01\/medios-2-de-7-300x200.jpg 300w, https:\/\/notidiario24.com.ar\/portalweb\/wp-content\/uploads\/2024\/01\/medios-2-de-7-768x512.jpg 768w, https:\/\/notidiario24.com.ar\/portalweb\/wp-content\/uploads\/2024\/01\/medios-2-de-7-1536x1024.jpg 1536w, https:\/\/notidiario24.com.ar\/portalweb\/wp-content\/uploads\/2024\/01\/medios-2-de-7.jpg 2048w\" sizes=\"auto, (max-width: 1024px) 100vw, 1024px\" \/><\/figure>\n<\/figure>\n\n\n\n<p>Pablo Grasso: \u201cSi no nos defendemos nosotros, no va a defendernos absolutamente nadie\u201d<\/p>\n\n\n\n<p>Al momento de las palabras, el jefe comunal resalt\u00f3 la importancia de tomar la iniciativa y organizarse para tener un posicionamiento pol\u00edtico en torno a las medidas tomadas por el gobierno nacional. En este sentido, afirm\u00f3 que resulta fundamental explicar a la gente \u201clo que realmente est\u00e1 sucediendo\u201d porque el gobierno nacional est\u00e1 tomando \u201cdecisiones en contra de los trabajadores, en contra de nuestros derechos, en contra de todo lo que hemos luchado durante mucho tiempo\u201d.<br>Luego indic\u00f3 que el presidente Milei \u201cgobierna para unos pocos\u201d, y analiz\u00f3 la liberaci\u00f3n de precios y el aumento de las tarifas en servicios y productos b\u00e1sicos de consumo.<br>Sobre la situaci\u00f3n de la Provincia, afirm\u00f3 que el aumento del d\u00f3lar gener\u00f3 un incremento en los ingresos por regal\u00edas, por lo que \u201chay plata en Santa Cruz y nosotros queremos que la plata sea distribuida de otra forma\u201d.<br>\u201cNosotros somos militantes pol\u00edticos y hay que hablar con nuestra poblaci\u00f3n. Contarles qu\u00e9 es lo que estamos haciendo\u201d, dijo Grasso al tiempo que afirm\u00f3 que \u201cno hay que tenerle miedo al debate, ni a la opini\u00f3n, ni mucho menos a decir lo que uno piensa\u201d.<br>Luego dijo que \u201ctenemos que pelearla. Si nosotros, los vecinos de cada lugar, no tenemos un punto de opini\u00f3n y no nos ponemos fuertes para poder defender lo que conseguimos durante mucho tiempo, va a ser tarde cuando la plata no alcance\u201d.<br>En su discurso hizo un an\u00e1lisis del impacto de distintas medidas tomadas por el Gobierno Nacional y luego dijo que \u201ctenemos que defender a todos aquellos vecinos que realmente van a tener una situaci\u00f3n dif\u00edcil. Porque cuando la miseria llega, llega para todos\u201d.<br>\u201cJunt\u00e9monos para defendernos entre todos. Si no nos defendemos nosotros, no va a defendernos absolutamente nadie\u201d, dijo para cerrar al tiempo que indic\u00f3 que \u201cestamos armando este debate para construir juntos la pol\u00edtica que viene, pero tambi\u00e9n para defender los intereses de aquellas personas que no tienen la posibilidad de poder ser escuchados\u201d.<\/p>\n","protected":false},"excerpt":{"rendered":"<p>Organizaciones barriales, sindicatos, profesionales, comerciantes, asociaciones civiles, la universidad, partidos pol\u00edticos, trabajadores de YCRT, jubilados, trabajadores del Estado,<\/p>\n","protected":false},"author":1,"featured_media":998,"comment_status":"closed","ping_status":"closed","sticky":false,"template":"","format":"standard","meta":{"footnotes":""},"categories":[4],"tags":[],"class_list":["post-993","post","type-post","status-publish","format-standard","has-post-thumbnail","hentry","category-politica"],"_links":{"self":[{"href":"https:\/\/notidiario24.com.ar\/portalweb\/wp-json\/wp\/v2\/posts\/993","targetHints":{"allow":["GET"]}}],"collection":[{"href":"https:\/\/notidiario24.com.ar\/portalweb\/wp-json\/wp\/v2\/posts"}],"about":[{"href":"https:\/\/notidiario24.com.ar\/portalweb\/wp-json\/wp\/v2\/types\/post"}],"author":[{"embeddable":true,"href":"https:\/\/notidiario24.com.ar\/portalweb\/wp-json\/wp\/v2\/users\/1"}],"replies":[{"embeddable":true,"href":"https:\/\/notidiario24.com.ar\/portalweb\/wp-json\/wp\/v2\/comments?post=993"}],"version-history":[{"count":1,"href":"https:\/\/notidiario24.com.ar\/portalweb\/wp-json\/wp\/v2\/posts\/993\/revisions"}],"predecessor-version":[{"id":999,"href":"https:\/\/notidiario24.com.ar\/portalweb\/wp-json\/wp\/v2\/posts\/993\/revisions\/999"}],"wp:featuredmedia":[{"embeddable":true,"href":"https:\/\/notidiario24.com.ar\/portalweb\/wp-json\/wp\/v2\/media\/998"}],"wp:attachment":[{"href":"https:\/\/notidiario24.com.ar\/portalweb\/wp-json\/wp\/v2\/media?parent=993"}],"wp:term":[{"taxonomy":"category","embeddable":true,"href":"https:\/\/notidiario24.com.ar\/portalweb\/wp-json\/wp\/v2\/categories?post=993"},{"taxonomy":"post_tag","embeddable":true,"href":"https:\/\/notidiario24.com.ar\/portalweb\/wp-json\/wp\/v2\/tags?post=993"}],"curies":[{"name":"wp","href":"https:\/\/api.w.org\/{rel}","templated":true}]}}