{"id":986,"date":"2024-01-23T18:20:10","date_gmt":"2024-01-23T18:20:10","guid":{"rendered":"https:\/\/notidiario24.com.ar\/portalweb\/?p=986"},"modified":"2024-01-23T18:20:11","modified_gmt":"2024-01-23T18:20:11","slug":"quieren-ahogar-a-los-municipos-delgado-acuso-a-vidal-de-extorsionar-a-rio-gallegos-y-califico-a-su-gobierno-de-infantil","status":"publish","type":"post","link":"https:\/\/notidiario24.com.ar\/portalweb\/2024\/01\/23\/quieren-ahogar-a-los-municipos-delgado-acuso-a-vidal-de-extorsionar-a-rio-gallegos-y-califico-a-su-gobierno-de-infantil\/","title":{"rendered":"QUIEREN AHOGAR A LOS MUNICIPOS, Delgado acus\u00f3 a Vidal de \u201cextorsionar\u201d a R\u00edo Gallegos y calific\u00f3 a su gobierno de \u201cinfantil\u201d"},"content":{"rendered":"\n<p>La secretaria de Gobierno de la Municipalidad de R\u00edo Gallegos lament\u00f3 que, a cuarenta d\u00edas del cambio de gesti\u00f3n, la administraci\u00f3n provincial insista por construir a Pablo Grasso como un enemigo p\u00fablico. Para la funcionaria, \u201cel Gobierno provincial es infantil y tiene la persecuci\u00f3n pol\u00edtica como bandera\u201d.<\/p>\n\n\n\n<!--more-->\n\n\n\n<p>\u201cMientras el pa\u00eds est\u00e1 en vilo por la posible sanci\u00f3n de la Ley \u00d3mnibus y con plena vigencia de un DNU fulminante, el gobierno provincial solo se muestra preocupado por lo que pasa en la Municipalidad de R\u00edo Gallegos\u201d, dijo Sara Delgado, sobre los cuestionamientos del vicegobernador al aumento de la patente automotor.<br>En este sentido, la funcionaria aclar\u00f3 que \u201cdesde el a\u00f1o 2009 que la al\u00edcuota est\u00e1 atada a ACARA, que es quien publica el valor oficial de los veh\u00edculos. La al\u00edcuota no aument\u00f3, lo que subieron son los autos, gracias a la liberaci\u00f3n de precios que impuso el gobierno que Leguizam\u00f3n apoya y al que hasta le fiscalizaron la elecci\u00f3n en la provincia\u201d.<br>Delgado pidi\u00f3 a la provincia que \u201cno se preocupe tanto por la Municipalidad, que tiene un intendente con much\u00edsima m\u00e1s experiencia que ellos en la gesti\u00f3n\u201d y que \u201cmejor se ocupen de contarle a la gente qu\u00e9 van a hacer con los programas de subsidios energ\u00e9ticos para cuando lleguen las boletas de luz y gas con un aumento fenomenal. Que les digan a los gremios si les rompen o no los CCT con la Emergencia Econ\u00f3mica y por qu\u00e9 la quisieron sacar a escondidas, sin decir qui\u00e9n la redact\u00f3, como pasa con la Ley \u00d3mnibus. Que empiecen a mostrar las pruebas de tantas denuncias medi\u00e1ticas contra el peronismo, y de paso, nos digan por qu\u00e9 festejan la retirada de nuestra petrolera de bandera\u201d.<br>La secretaria de Gobierno record\u00f3 que, como consecuencia de la devaluaci\u00f3n salvaje de LLA y el macrismo, Santa Cruz recibe $10 mil millones extras de regal\u00edas y tuvo ATN que no distribuyeron.<br>\u201cEl Gobierno provincial es infantil y tiene la persecuci\u00f3n pol\u00edtica como bandera. Hubo incansables conversaciones con el gabinete de Claudio Vidal, pero resulta que para que a R\u00edo Gallegos le den recursos, se tiene que dejar extorsionar: que \u2018si me votan esto, que si se habla de esto otro\u2019. Es escandaloso y solamente pueden hacerlo con una enorme complicidad medi\u00e1tica. Est\u00e1n construyendo una crisis que no es tal, y nos entretienen con paseos en bicicleta, mientras los municipios est\u00e1n rascando la olla. Con el relato de la corrupci\u00f3n no pagan proveedores, echan gente y les quitan la asistencia a las organizaciones sociales. Es la demonizaci\u00f3n que vivimos del 2015 al 2019 pero m\u00e1s da\u00f1ina, porque le hicieron creer a los santacruce\u00f1os y santacruce\u00f1as que iban a tener sueldos de petroleros, y eso que gener\u00f3 mucha expectativa e ilusi\u00f3n\u201d.<br>La funcionaria municipal adelant\u00f3 que, frente al tarifazo de los servicios b\u00e1sicos, \u201cel intendente va a hacer un anuncio en breve que seguramente tendr\u00e1 que ver con hacer m\u00e1s f\u00e1cil el pago\u201d.<br>Finalmente, Delgado agradeci\u00f3 a todos los espacios que participaron de la conformaci\u00f3n de la Multisectorial contra las medidas de la Naci\u00f3n y cont\u00f3 que \u201cel mandato de esa asamblea popular y horizontal fue rechazar el DNU y la Ley, adherir al paro nacional y solicitarle a la Provincia que fije postura\u201d. En tanto, anunci\u00f3 que los foros van a continuar porque nuestro pa\u00eds pudo superar cosas peores luchando, y cuando hubo dirigentes que no se quedaron especulando en sus despachos y hablando para la tribuna\u201d.<\/p>\n\n\n\n<p><\/p>\n\n\n\n<p><\/p>\n","protected":false},"excerpt":{"rendered":"<p>La secretaria de Gobierno de la Municipalidad de R\u00edo Gallegos lament\u00f3 que, a cuarenta d\u00edas del cambio de<\/p>\n","protected":false},"author":1,"featured_media":822,"comment_status":"closed","ping_status":"closed","sticky":false,"template":"","format":"standard","meta":{"footnotes":""},"categories":[4],"tags":[],"class_list":["post-986","post","type-post","status-publish","format-standard","has-post-thumbnail","hentry","category-politica"],"_links":{"self":[{"href":"https:\/\/notidiario24.com.ar\/portalweb\/wp-json\/wp\/v2\/posts\/986","targetHints":{"allow":["GET"]}}],"collection":[{"href":"https:\/\/notidiario24.com.ar\/portalweb\/wp-json\/wp\/v2\/posts"}],"about":[{"href":"https:\/\/notidiario24.com.ar\/portalweb\/wp-json\/wp\/v2\/types\/post"}],"author":[{"embeddable":true,"href":"https:\/\/notidiario24.com.ar\/portalweb\/wp-json\/wp\/v2\/users\/1"}],"replies":[{"embeddable":true,"href":"https:\/\/notidiario24.com.ar\/portalweb\/wp-json\/wp\/v2\/comments?post=986"}],"version-history":[{"count":1,"href":"https:\/\/notidiario24.com.ar\/portalweb\/wp-json\/wp\/v2\/posts\/986\/revisions"}],"predecessor-version":[{"id":987,"href":"https:\/\/notidiario24.com.ar\/portalweb\/wp-json\/wp\/v2\/posts\/986\/revisions\/987"}],"wp:featuredmedia":[{"embeddable":true,"href":"https:\/\/notidiario24.com.ar\/portalweb\/wp-json\/wp\/v2\/media\/822"}],"wp:attachment":[{"href":"https:\/\/notidiario24.com.ar\/portalweb\/wp-json\/wp\/v2\/media?parent=986"}],"wp:term":[{"taxonomy":"category","embeddable":true,"href":"https:\/\/notidiario24.com.ar\/portalweb\/wp-json\/wp\/v2\/categories?post=986"},{"taxonomy":"post_tag","embeddable":true,"href":"https:\/\/notidiario24.com.ar\/portalweb\/wp-json\/wp\/v2\/tags?post=986"}],"curies":[{"name":"wp","href":"https:\/\/api.w.org\/{rel}","templated":true}]}}