{"id":968,"date":"2024-01-20T14:48:46","date_gmt":"2024-01-20T14:48:46","guid":{"rendered":"https:\/\/notidiario24.com.ar\/portalweb\/?p=968"},"modified":"2024-01-20T14:48:47","modified_gmt":"2024-01-20T14:48:47","slug":"situ-santa-cruz-accion-estatal-para-acceder-a-la-informacion-territorial","status":"publish","type":"post","link":"https:\/\/notidiario24.com.ar\/portalweb\/2024\/01\/20\/situ-santa-cruz-accion-estatal-para-acceder-a-la-informacion-territorial\/","title":{"rendered":"SITU Santa Cruz: Acci\u00f3n estatal para acceder a la informaci\u00f3n territorial"},"content":{"rendered":"\n<p>Continuando en el camino de la transformaci\u00f3n digital, la provincia de Santa Cruz sigue reforzando su transformaci\u00f3n tecnol\u00f3gica a fin de estar a la vanguardia como una de las provincias m\u00e1s avanzadas en lo que respecta a la modernizaci\u00f3n del Estado y al \u00e1rea relacionada con la Infraestructura de Datos Espaciales. Esto favorece el concepto de datos abiertos y de gobierno electr\u00f3nico, permitiendo una gesti\u00f3n eficaz a fin de llegar a la ciudadan\u00eda con informaci\u00f3n transparente, precisa, veraz y actualizada.<\/p>\n\n\n\n<!--more-->\n\n\n\n<p>En este sentido, y en el marco del trabajo que lleva adelante el gobierno provincial, a fin de generar las funcionalidades de las instituciones mediante la utilizaci\u00f3n del SITU Santa Cruz, la Secretar\u00eda de Estado de Planeamiento Estrat\u00e9gico, puso en funciones a la nueva referente de este Sistema, Lorena Escobar, quien ser\u00e1 la jefa de Departamento Sistema Informaci\u00f3n Territorial Urbano, dependIente de la Direcci\u00f3n de Programa y Proyectos de la Direcci\u00f3n Provincial de Planificaci\u00f3n de dicha \u00e1rea.<\/p>\n\n\n\n<p>Recordamos que este Sistema de Informaci\u00f3n Territorial Unificado (SITU) es parte del desarrollo de la Infraestructura de Datos Espaciales (IDE) provincial. Es una plataforma digital construida sobre la base de un Sistema de Informaci\u00f3n Geogr\u00e1fica (SIG) que centraliza, sistematiza y procesa la informaci\u00f3n producida dentro de toda la estructura estatal provincial, a fin de construir un territorio documentado. El mismo, busca garantizar la equidad e igualdad de oportunidades, brindando a la ciudadan\u00eda acceso a los beneficios de la tecnolog\u00eda, y de esta manera, seguir fomentando la participaci\u00f3n activa de todos los sectores de la sociedad.<\/p>\n\n\n\n<p>En esa direcci\u00f3n, la secretar\u00eda de Estado de Planeamiento e Infraestructura, Paola Bringas Carnota, sostuvo \u201cQueremos estar a la vanguardia y es necesario proseguir con la implementaci\u00f3n de este sistema integral, el cual garantiza la organizaci\u00f3n y la funcionalidad transversal respecto a los organismos de la administraci\u00f3n p\u00fablica central y descentralizadas, entes aut\u00e1rquicos, y sociedades del Estado Provincial. Asimismo, anhelamos ser los mejores en la implementaci\u00f3n y uso pr\u00e1ctico de esta herramienta tan \u00fatil para todos\u201d, concluy\u00f3.<\/p>\n\n\n\n<p>Es importante destacar que la Secretar\u00eda de Estado de Planeamiento Estrat\u00e9gico, en conjunto con la Secretar\u00eda de Modernizaci\u00f3n e Innovaci\u00f3n Tecnol\u00f3gica, dependientes de Jefatura de Gabinete, han estado trabajando hace unos a\u00f1os en la creaci\u00f3n de un mapa interactivo de uso p\u00fablico que permite acceder a las diferentes l\u00edneas de acci\u00f3n llevadas adelante por el Estado, con la intenci\u00f3n de dar conocimiento de ellas a los ciudadanos de Santa Cruz, aportando as\u00ed a la construcci\u00f3n de un Gobierno abierto para todos.<\/p>\n\n\n\n<p>Por \u00faltimo, una de las principales ventajas del SITU Santa Cruz es la apertura, interoperabilidad y accesibilidad de la informaci\u00f3n territorial. En una misma plataforma se pueden encontrar datos alfanum\u00e9ricos y georreferenciados, lo que facilita la conexi\u00f3n entre actores p\u00fablicos, privados, acad\u00e9micos y la ciudadan\u00eda. Tambi\u00e9n, promueve la coordinaci\u00f3n interinstitucional y t\u00e9cnica, permitiendo el acceso e intercambio de informaci\u00f3n cartogr\u00e1fica y estad\u00edstica producida en el \u00e1mbito de la Administraci\u00f3n P\u00fablica Provincial.<\/p>\n\n\n\n<p>Para conocer m\u00e1s sobre esta plataforma y su utilizaci\u00f3n, se puede ingresar a https:\/\/situ.santacruz.gob.ar<\/p>\n","protected":false},"excerpt":{"rendered":"<p>Continuando en el camino de la transformaci\u00f3n digital, la provincia de Santa Cruz sigue reforzando su transformaci\u00f3n tecnol\u00f3gica<\/p>\n","protected":false},"author":1,"featured_media":969,"comment_status":"closed","ping_status":"closed","sticky":false,"template":"","format":"standard","meta":{"footnotes":""},"categories":[3],"tags":[],"class_list":["post-968","post","type-post","status-publish","format-standard","has-post-thumbnail","hentry","category-generales"],"_links":{"self":[{"href":"https:\/\/notidiario24.com.ar\/portalweb\/wp-json\/wp\/v2\/posts\/968","targetHints":{"allow":["GET"]}}],"collection":[{"href":"https:\/\/notidiario24.com.ar\/portalweb\/wp-json\/wp\/v2\/posts"}],"about":[{"href":"https:\/\/notidiario24.com.ar\/portalweb\/wp-json\/wp\/v2\/types\/post"}],"author":[{"embeddable":true,"href":"https:\/\/notidiario24.com.ar\/portalweb\/wp-json\/wp\/v2\/users\/1"}],"replies":[{"embeddable":true,"href":"https:\/\/notidiario24.com.ar\/portalweb\/wp-json\/wp\/v2\/comments?post=968"}],"version-history":[{"count":1,"href":"https:\/\/notidiario24.com.ar\/portalweb\/wp-json\/wp\/v2\/posts\/968\/revisions"}],"predecessor-version":[{"id":970,"href":"https:\/\/notidiario24.com.ar\/portalweb\/wp-json\/wp\/v2\/posts\/968\/revisions\/970"}],"wp:featuredmedia":[{"embeddable":true,"href":"https:\/\/notidiario24.com.ar\/portalweb\/wp-json\/wp\/v2\/media\/969"}],"wp:attachment":[{"href":"https:\/\/notidiario24.com.ar\/portalweb\/wp-json\/wp\/v2\/media?parent=968"}],"wp:term":[{"taxonomy":"category","embeddable":true,"href":"https:\/\/notidiario24.com.ar\/portalweb\/wp-json\/wp\/v2\/categories?post=968"},{"taxonomy":"post_tag","embeddable":true,"href":"https:\/\/notidiario24.com.ar\/portalweb\/wp-json\/wp\/v2\/tags?post=968"}],"curies":[{"name":"wp","href":"https:\/\/api.w.org\/{rel}","templated":true}]}}