{"id":896,"date":"2024-01-11T15:16:41","date_gmt":"2024-01-11T15:16:41","guid":{"rendered":"https:\/\/notidiario24.com.ar\/portalweb\/?p=896"},"modified":"2024-01-11T15:16:42","modified_gmt":"2024-01-11T15:16:42","slug":"5-de-53-las-cooperativas-no-se-quieren-regularizar","status":"publish","type":"post","link":"https:\/\/notidiario24.com.ar\/portalweb\/2024\/01\/11\/5-de-53-las-cooperativas-no-se-quieren-regularizar\/","title":{"rendered":"5 de 53: \u00bfLas cooperativas no se quieren regularizar?"},"content":{"rendered":"\n<p>El Gobierno Provincial solicit\u00f3 la regularizaci\u00f3n de las cooperativas que tienen contratos con el Estado; y les pidi\u00f3 que actualicen todos sus datos. Solo 5 presentaron sus papeles. Lanzar\u00e1n una auditor\u00eda general. \u201cEn Santa Cruz hay fantasmas\u201d dijo la ministra Macchiavelli.<\/p>\n\n\n\n<!--more-->\n\n\n\n<p>El gobierno de la provincia de Santa Cruz inici\u00f3 un proceso de regularizaci\u00f3n de todas las cooperativas que tienen contratos con el Estado; a fin blanquear tanto la cantidad de asociados como el costo de sus respectivos servicios y el reparto de los aportes.<\/p>\n\n\n\n<p>El objetivo de la administraci\u00f3n Vidal, es garantizar un precio justo por los servicios y una clara distribuci\u00f3n de las rentas entre sus asociados. El origen de esa decisi\u00f3n tiene relaci\u00f3n con el testimonio de trabajadores de esas cooperativas, que denunciaron bajos salarios, ausencia de sus autoridades e irregularidades en la administraci\u00f3n de los fondos.<\/p>\n\n\n\n<p>Por tal motivo, el gobernador Claudio Vidal lanz\u00f3 en la segunda quincena de diciembre, a trav\u00e9s del ministerio de Desarrollo Social, un proceso de regularizaci\u00f3n de las instituciones sociales, a fin de establecer una base de datos actualizada tanto de la cantidad de asociados, como de sus cumplimientos fiscales, salariales y servicios prestados.<\/p>\n\n\n\n<p>Desde entonces hasta ahora solo se presentaron 5 cooperativas de un universo de m\u00e1s de 50 existentes, que mantienen v\u00ednculos contractuales del Estado. Los ministerios que m\u00e1s cooperativas contrataban eran el de Educaci\u00f3n (6) y el de Salud (16).<\/p>\n\n\n\n<p>\u201cParece que en Santa Cruz finalmente existen los fantasmas y se refugian en las conducciones de las cooperativas\u201d lanz\u00f3 la ministra de Desarrollo Social, Jazm\u00edn Macchiavelli.<\/p>\n\n\n\n<p>El sarcasmo est\u00e1 dirigido a los presidentes de varias de las instituciones que han sido objeto de los requerimientos estatales, ya que de ellos \u201csolo conocemos sus nombres en los cheques cada vez que hay que pagarles; y los nombres de los dirigentes sociales y pol\u00edticos detr\u00e1s de los cuales se han referenciado, que son pocos y curiosamente se repiten en varias de ellas\u201d, afirm\u00f3 la funcionaria.<\/p>\n\n\n\n<p>Por tal raz\u00f3n, el siguiente paso es una auditor\u00eda general ejecutada desde el ministerio de Econom\u00eda que conduce Marilina Jaramillo, a pedido del propio gobernador.<\/p>\n\n\n\n<p>La ministra de Econom\u00eda enfatiz\u00f3 que \u201cel gobernador pidi\u00f3 un riguroso ordenamiento de las cooperativas para que presten servicios reales, sean representadas por personas reales y distribuyan, con salarios justos, los aportes que reciben desde el Estado. Y si de las 53 quedan 5, que esas 5 trabajen como corresponde y presten los servicios que se necesitan\u201d.<\/p>\n","protected":false},"excerpt":{"rendered":"<p>El Gobierno Provincial solicit\u00f3 la regularizaci\u00f3n de las cooperativas que tienen contratos con el Estado; y les pidi\u00f3<\/p>\n","protected":false},"author":1,"featured_media":897,"comment_status":"closed","ping_status":"closed","sticky":false,"template":"","format":"standard","meta":{"footnotes":""},"categories":[4],"tags":[],"class_list":["post-896","post","type-post","status-publish","format-standard","has-post-thumbnail","hentry","category-politica"],"_links":{"self":[{"href":"https:\/\/notidiario24.com.ar\/portalweb\/wp-json\/wp\/v2\/posts\/896","targetHints":{"allow":["GET"]}}],"collection":[{"href":"https:\/\/notidiario24.com.ar\/portalweb\/wp-json\/wp\/v2\/posts"}],"about":[{"href":"https:\/\/notidiario24.com.ar\/portalweb\/wp-json\/wp\/v2\/types\/post"}],"author":[{"embeddable":true,"href":"https:\/\/notidiario24.com.ar\/portalweb\/wp-json\/wp\/v2\/users\/1"}],"replies":[{"embeddable":true,"href":"https:\/\/notidiario24.com.ar\/portalweb\/wp-json\/wp\/v2\/comments?post=896"}],"version-history":[{"count":1,"href":"https:\/\/notidiario24.com.ar\/portalweb\/wp-json\/wp\/v2\/posts\/896\/revisions"}],"predecessor-version":[{"id":898,"href":"https:\/\/notidiario24.com.ar\/portalweb\/wp-json\/wp\/v2\/posts\/896\/revisions\/898"}],"wp:featuredmedia":[{"embeddable":true,"href":"https:\/\/notidiario24.com.ar\/portalweb\/wp-json\/wp\/v2\/media\/897"}],"wp:attachment":[{"href":"https:\/\/notidiario24.com.ar\/portalweb\/wp-json\/wp\/v2\/media?parent=896"}],"wp:term":[{"taxonomy":"category","embeddable":true,"href":"https:\/\/notidiario24.com.ar\/portalweb\/wp-json\/wp\/v2\/categories?post=896"},{"taxonomy":"post_tag","embeddable":true,"href":"https:\/\/notidiario24.com.ar\/portalweb\/wp-json\/wp\/v2\/tags?post=896"}],"curies":[{"name":"wp","href":"https:\/\/api.w.org\/{rel}","templated":true}]}}