{"id":877,"date":"2024-01-09T00:34:36","date_gmt":"2024-01-09T00:34:36","guid":{"rendered":"https:\/\/notidiario24.com.ar\/portalweb\/?p=877"},"modified":"2024-01-09T00:34:37","modified_gmt":"2024-01-09T00:34:37","slug":"autoridades-provinciales-se-reunieron-con-representantes-de-enfermedades-poco-frecuentes","status":"publish","type":"post","link":"https:\/\/notidiario24.com.ar\/portalweb\/2024\/01\/09\/autoridades-provinciales-se-reunieron-con-representantes-de-enfermedades-poco-frecuentes\/","title":{"rendered":"Autoridades provinciales se reunieron con representantes de Enfermedades Poco Frecuentes"},"content":{"rendered":"\n<p>En las instalaciones de Casa de Gobierno, el jefe de gabinete, Daniel \u00c1lvarez, y el ministro de Salud y Ambiente, Ariel Varela, mantuvieron una reuni\u00f3n con Referentes de la Asociaci\u00f3n de Enfermedades Poco Frecuentes, donde dialogaron acerca de diversos temas relacionados con pacientes de enfermedades poco frecuentes y trasplantados.<\/p>\n\n\n\n<!--more-->\n\n\n\n<p>Una vez finalizado el encuentro, Adolfo Fito Cid, presidente de dicha asociaci\u00f3n manifest\u00f3: \u201cQuiero agradecer a los ministros que nos abrieron las puertas urgentemente. Nosotros ven\u00edamos planteando varios temas referidos a las personas que esperan por un trasplante y de enfermedades poco frecuentes\u201d.<\/p>\n\n\n\n<p>\u201cAl ser enfermedades progresivas ellos no pueden estar sin medicamentos\u201d, agreg\u00f3.<\/p>\n\n\n\n<p>Para cerrar, dijo: \u201cNos vamos contentos y ma\u00f1ana empezamos a trabajar con todos los casos m\u00e1s urgentes de los trasplantados que est\u00e1n con posible rechazo\u201d.<\/p>\n\n\n\n<p>Por su parte, la secretaria de la organizaci\u00f3n, Marta Rogel, sostuvo: \u201cHemos tra\u00eddo una larga lista de preocupaciones que nos han llegado a la asociaci\u00f3n por parte de todas las personas que padecen de enfermedades poco frecuentes, como as\u00ed mismo los trasplantados que tienen una alerta en lo que es laboratorio y medicaci\u00f3n\u201d.<\/p>\n\n\n\n<p>\u201cTuvimos una respuesta positiva con soluciones a corto y mediano plazo e inclusive la convocatoria para trabajar en conjunto\u201d, a\u00f1adi\u00f3.<\/p>\n\n\n\n<p>Por \u00faltimo, dej\u00f3 un mensaje alentador: \u201cQueremos llevarle tranquilidad a todos los pacientes y trasplantados\u201d.<\/p>\n","protected":false},"excerpt":{"rendered":"<p>En las instalaciones de Casa de Gobierno, el jefe de gabinete, Daniel \u00c1lvarez, y el ministro de Salud<\/p>\n","protected":false},"author":1,"featured_media":878,"comment_status":"closed","ping_status":"closed","sticky":false,"template":"","format":"standard","meta":{"footnotes":""},"categories":[3],"tags":[],"class_list":["post-877","post","type-post","status-publish","format-standard","has-post-thumbnail","hentry","category-generales"],"_links":{"self":[{"href":"https:\/\/notidiario24.com.ar\/portalweb\/wp-json\/wp\/v2\/posts\/877","targetHints":{"allow":["GET"]}}],"collection":[{"href":"https:\/\/notidiario24.com.ar\/portalweb\/wp-json\/wp\/v2\/posts"}],"about":[{"href":"https:\/\/notidiario24.com.ar\/portalweb\/wp-json\/wp\/v2\/types\/post"}],"author":[{"embeddable":true,"href":"https:\/\/notidiario24.com.ar\/portalweb\/wp-json\/wp\/v2\/users\/1"}],"replies":[{"embeddable":true,"href":"https:\/\/notidiario24.com.ar\/portalweb\/wp-json\/wp\/v2\/comments?post=877"}],"version-history":[{"count":1,"href":"https:\/\/notidiario24.com.ar\/portalweb\/wp-json\/wp\/v2\/posts\/877\/revisions"}],"predecessor-version":[{"id":879,"href":"https:\/\/notidiario24.com.ar\/portalweb\/wp-json\/wp\/v2\/posts\/877\/revisions\/879"}],"wp:featuredmedia":[{"embeddable":true,"href":"https:\/\/notidiario24.com.ar\/portalweb\/wp-json\/wp\/v2\/media\/878"}],"wp:attachment":[{"href":"https:\/\/notidiario24.com.ar\/portalweb\/wp-json\/wp\/v2\/media?parent=877"}],"wp:term":[{"taxonomy":"category","embeddable":true,"href":"https:\/\/notidiario24.com.ar\/portalweb\/wp-json\/wp\/v2\/categories?post=877"},{"taxonomy":"post_tag","embeddable":true,"href":"https:\/\/notidiario24.com.ar\/portalweb\/wp-json\/wp\/v2\/tags?post=877"}],"curies":[{"name":"wp","href":"https:\/\/api.w.org\/{rel}","templated":true}]}}