{"id":868,"date":"2024-01-08T21:49:52","date_gmt":"2024-01-08T21:49:52","guid":{"rendered":"https:\/\/notidiario24.com.ar\/portalweb\/?p=868"},"modified":"2024-01-08T21:49:53","modified_gmt":"2024-01-08T21:49:53","slug":"comenzaron-las-colonias-para-el-primer-contingente","status":"publish","type":"post","link":"https:\/\/notidiario24.com.ar\/portalweb\/2024\/01\/08\/comenzaron-las-colonias-para-el-primer-contingente\/","title":{"rendered":"Comenzaron las colonias para el primer contingente"},"content":{"rendered":"\n<p>Desde este lunes, y hasta el pr\u00f3ximo viernes 16 de febrero, la Municipalidad de R\u00edo Gallegos, a trav\u00e9s de la Secretar\u00eda de Deportes, realiza las tradicionales colonias de verano, destinadas a ni\u00f1os y ni\u00f1as de 5 a 12 a\u00f1os. Las mismas se realizar\u00e1n en un solo turno, de 14 a 19 horas, contando para tal fin con m\u00faltiples alternativas, deportivas y recreativas.<\/p>\n\n\n\n<!--more-->\n\n\n\n<p>Cabe resaltar que este a\u00f1o los cupos para el primer contingente, que tendr\u00e1 su actividad hasta el viernes de la pr\u00f3xima semana, se llenaron con mucha rapidez y es de esperar que lo mismo ocurra con los pr\u00f3ximos dos.<\/p>\n\n\n\n<p>Los gimnasios municipales que reciben a los colonos son: Juan Bautista Rocha (Eva Per\u00f3n y Pasaje Miranda), Jorge \u201cIndio\u201d Nicolai (Calle 13 y 14 del Barrio San Benito), Benjam\u00edn Ver\u00f3n (Jos\u00e9 Ingenieros y Batalla Puerto Argentino), 17 de Octubre (Obispo Angelelli y Bella Vista), \u201cLucho\u201d Fern\u00e1ndez (Zapiola 1532), y Eva Per\u00f3n (Calle 38, entre 39 y 41 del Barrio Santa Cruz).<\/p>\n\n\n\n<figure class=\"wp-block-image size-large\"><img loading=\"lazy\" decoding=\"async\" width=\"1024\" height=\"684\" src=\"https:\/\/notidiario24.com.ar\/portalweb\/wp-content\/uploads\/2024\/01\/43443eae-0a5b-4edd-8503-5c5af3eb58ff-1024x684.jpg\" alt=\"\" class=\"wp-image-871\" srcset=\"https:\/\/notidiario24.com.ar\/portalweb\/wp-content\/uploads\/2024\/01\/43443eae-0a5b-4edd-8503-5c5af3eb58ff-1024x684.jpg 1024w, https:\/\/notidiario24.com.ar\/portalweb\/wp-content\/uploads\/2024\/01\/43443eae-0a5b-4edd-8503-5c5af3eb58ff-300x200.jpg 300w, https:\/\/notidiario24.com.ar\/portalweb\/wp-content\/uploads\/2024\/01\/43443eae-0a5b-4edd-8503-5c5af3eb58ff-768x513.jpg 768w, https:\/\/notidiario24.com.ar\/portalweb\/wp-content\/uploads\/2024\/01\/43443eae-0a5b-4edd-8503-5c5af3eb58ff-1536x1026.jpg 1536w, https:\/\/notidiario24.com.ar\/portalweb\/wp-content\/uploads\/2024\/01\/43443eae-0a5b-4edd-8503-5c5af3eb58ff.jpg 1600w\" sizes=\"auto, (max-width: 1024px) 100vw, 1024px\" \/><\/figure>\n","protected":false},"excerpt":{"rendered":"<p>Desde este lunes, y hasta el pr\u00f3ximo viernes 16 de febrero, la Municipalidad de R\u00edo Gallegos, a trav\u00e9s<\/p>\n","protected":false},"author":1,"featured_media":870,"comment_status":"closed","ping_status":"closed","sticky":false,"template":"","format":"standard","meta":{"footnotes":""},"categories":[3],"tags":[],"class_list":["post-868","post","type-post","status-publish","format-standard","has-post-thumbnail","hentry","category-generales"],"_links":{"self":[{"href":"https:\/\/notidiario24.com.ar\/portalweb\/wp-json\/wp\/v2\/posts\/868","targetHints":{"allow":["GET"]}}],"collection":[{"href":"https:\/\/notidiario24.com.ar\/portalweb\/wp-json\/wp\/v2\/posts"}],"about":[{"href":"https:\/\/notidiario24.com.ar\/portalweb\/wp-json\/wp\/v2\/types\/post"}],"author":[{"embeddable":true,"href":"https:\/\/notidiario24.com.ar\/portalweb\/wp-json\/wp\/v2\/users\/1"}],"replies":[{"embeddable":true,"href":"https:\/\/notidiario24.com.ar\/portalweb\/wp-json\/wp\/v2\/comments?post=868"}],"version-history":[{"count":1,"href":"https:\/\/notidiario24.com.ar\/portalweb\/wp-json\/wp\/v2\/posts\/868\/revisions"}],"predecessor-version":[{"id":872,"href":"https:\/\/notidiario24.com.ar\/portalweb\/wp-json\/wp\/v2\/posts\/868\/revisions\/872"}],"wp:featuredmedia":[{"embeddable":true,"href":"https:\/\/notidiario24.com.ar\/portalweb\/wp-json\/wp\/v2\/media\/870"}],"wp:attachment":[{"href":"https:\/\/notidiario24.com.ar\/portalweb\/wp-json\/wp\/v2\/media?parent=868"}],"wp:term":[{"taxonomy":"category","embeddable":true,"href":"https:\/\/notidiario24.com.ar\/portalweb\/wp-json\/wp\/v2\/categories?post=868"},{"taxonomy":"post_tag","embeddable":true,"href":"https:\/\/notidiario24.com.ar\/portalweb\/wp-json\/wp\/v2\/tags?post=868"}],"curies":[{"name":"wp","href":"https:\/\/api.w.org\/{rel}","templated":true}]}}