{"id":862,"date":"2024-01-08T21:08:04","date_gmt":"2024-01-08T21:08:04","guid":{"rendered":"https:\/\/notidiario24.com.ar\/portalweb\/?p=862"},"modified":"2024-01-08T21:08:06","modified_gmt":"2024-01-08T21:08:06","slug":"economia-tarifas-de-gas-habra-aumentos-en-lo-sproximos-tres-meses-y-una-nueva-segmentacion","status":"publish","type":"post","link":"https:\/\/notidiario24.com.ar\/portalweb\/2024\/01\/08\/economia-tarifas-de-gas-habra-aumentos-en-lo-sproximos-tres-meses-y-una-nueva-segmentacion\/","title":{"rendered":"Economia | Tarifas de GAS: Habr\u00e1 aumentos en lo spr\u00f3ximos tres meses y una nueva segmentaci\u00f3n"},"content":{"rendered":"\n<p><\/p>\n\n\n\n<p>El Gobierno anticip\u00f3 este lunes que implementar\u00e1 una modificaci\u00f3n en los criterios de segmentaci\u00f3n de la tarifa del servicio de gas natural, con la aplicaci\u00f3n de una Canasta B\u00e1sica Energ\u00e9tica, en el marco de una \u201cnueva conceptualizaci\u00f3n\u201d de los subsidios, y que se efectuar\u00e1 un \u201ctraslado gradual\u201d a lo largo de un plazo de tres meses -que comenzar\u00e1 el 1 de febrero- del precio mayorista a la factura final.<\/p>\n\n\n\n<!--more-->\n\n\n\n<p>As\u00ed lo present\u00f3 el secretario de Energ\u00eda, Eduardo Rodr\u00edguez Chirillo, al exponer esta ma\u00f1ana en la Audiencia P\u00fablica 104 convocada de manera virtual por el Ente Nacional Regulador del Gas (Enargas).<\/p>\n\n\n\n<p>En ese marco, las compa\u00f1\u00edas distribuidoras y transportadoras de gas natural tambi\u00e9n presentaron sus propuestas de recomposici\u00f3n de tarifas en funci\u00f3n de los retrasos acumulados en los \u00faltimos a\u00f1os, a la que sumaron la aplicaci\u00f3n de un \u00edndice de actualizaci\u00f3n mensual por la evoluci\u00f3n de los precios mayoristas, a partir del 1\u00b0 de febrero.<\/p>\n\n\n\n<p>Rodr\u00edguez Chirillo plante\u00f3 el traslado gradual a las tarifas del componente precio del Punto de Ingreso al Sistema de Transporte (PIST), es decir el valor del gas generado, que se llevar\u00e1 a cabo en tres etapas del 33% cada una a aplicar el 1\u00b0 de febrero, el 1\u00b0 de marzo y el 1\u00b0 de abril pr\u00f3ximos.<\/p>\n\n\n\n<p>\u201cLa segmentaci\u00f3n actual se mantiene hasta el 1\u00b0 de abril de 2024, el nuevo esquema de subsidios entrar\u00e1 en aplicaci\u00f3n a partir de dicha fecha, previa audiencia p\u00fablica que se realizar\u00e1 al efecto\u201d, indic\u00f3 Rodr\u00edguez Chirillo.<\/p>\n\n\n\n<p>En cuanto a la segmentaci\u00f3n tarifaria, advirti\u00f3 que \u201clos usuarios (de los tres niveles) siguen recibiendo subsidios generalizados porque los precios mayoristas no cubren los costos\u201d, adem\u00e1s de se\u00f1alar \u201cfalta de control del padr\u00f3n de usuarios\u201d.<\/p>\n\n\n\n<p>En ese contexto, indic\u00f3, se proceder\u00e1 a una \u201cnueva conceptualizaci\u00f3n\u201d de los subsidios, con un \u201ctraslado gradual\u201d del precio del PIST para la \u201creadecuaci\u00f3n progresiva\u201d de esas transferencias estatales.<\/p>\n\n\n\n<p>Rodr\u00edguez Chirillo sostuvo que se propende a \u201cgarantizar el consumo b\u00e1sico energ\u00e9tico a todos los usuarios\u201d y que la actual segmentaci\u00f3n tarifaria se mantendr\u00e1 en el primer trimestre, tras lo cual comenzar\u00e1 a regir un \u201cnuevo esquema\u201d a partir de abril.<\/p>\n\n\n\n<p>El cambio principal ser\u00e1 la adopci\u00f3n de una Canasta B\u00e1sica Energ\u00e9tica, en lugar del criterio actual de utilizar el equivalente a 3,5 veces la Canasta B\u00e1sica Total (CBT) elaborada por el Instituto Nacional de Estad\u00edstica y Censos (Indec).<\/p>\n\n\n\n<p>La nueva canasta -a\u00fan no especificada- apuntar\u00e1 a \u201cdeterminar los ingresos del grupo conviviente\u201d y que \u201ccubra necesidades b\u00e1sicas de las personas con distintos tipos de consumo en las zonas del pa\u00eds\u201d.<\/p>\n\n\n\n<p>El impacto en las tarifas de la nueva modalidad presentada por el secrretario de Energ\u00eda es variable, tanto por los niveles de segmentaci\u00f3n de usuarios como por la participaci\u00f3n de cada una de las etapas que componen el valor final.<\/p>\n\n\n\n<p>La tarifa final de una factura de gas se compone de tres factores: el precio del PIST, el costo del transporte y el margen de distribuci\u00f3n, a lo que deben a\u00f1adirse el componente tributario, con impuestos y tasas nacionales, provinciales y municipales.<\/p>\n\n\n\n<p>Esa composici\u00f3n no es uniforme en todo el pa\u00eds y dificulta la determinaci\u00f3n de la incidencia en la tarifa: como ejemplo puede citarse el caso de Transportadora de Gas del Norte (TGN), que solicit\u00f3 una recomposici\u00f3n del 523,5%, con un impacto promedio en las facturas del 23% en el caso de un usuario de la provincia de Tucum\u00e1n o del 49% en la Ciudad de Buenos Aires.<\/p>\n\n\n\n<p>Al impacto que tendr\u00e1 en la tarifa el factor transporte, deberan sumarse otras dos variables: generaci\u00f3n y distribuci\u00f3n.<\/p>\n\n\n\n<p>En el caso de la distribuci\u00f3n, Metrogas propuso un incremento mensual promedio de $ 6.000, pero fuentes de la empresa se\u00f1alaron a T\u00e9lam que no se puede estimar un porcentaje debido a las diferentes categor\u00edas de usuarios.<\/p>\n\n\n\n<p>Marcela C\u00f3rdoba, en representaci\u00f3n de Naturgy BAN y Gasnor, propuso un incremento del 413%, aunque advirti\u00f3 que la distribuci\u00f3n representa el 16% de la tarifa total para la primera empresa y del 19% para la segunda, lo que implica una incidencia del 66,1% y 78,5%, respectivamente.<\/p>\n\n\n\n<p>En el caso de Distribuidora de Gas Cuyana y Distribuidora de Gas del Centro, representadas en la audiencia por Mar\u00eda Guadalupe Morra, el ajuste solicitado es del 449% en el primer caso y del 325% en el segundo, con un impacto promedio en la tarifa del 190%.<\/p>\n\n\n\n<p>Alejandro \u00c1lvarez, de Camuzzi Gas Pampeana y Camuzzi Gas del Sur, sostuvo que el retraso tarifario acumulado en relaci\u00f3n con precios minoristas y mayoristas, salarios y tipo de cambio es \u201cel coraz\u00f3n (de los reclamos por) la recomposici\u00f3n tarifaria\u201d, que ese pedido es \u201ctan importante como el ajuste mensual\u201d y puso diferentes ejemplos de aumentos en las facturas, del orden del 78,4% en CGS y del 85,9% en CGP.<\/p>\n\n\n\n<p>En lo que s\u00ed hubo coincidencia entre los diferentes expositores fue en la aplicaci\u00f3n, a partir del 1\u00b0 de febrero, de un r\u00e9gimen de actualizaci\u00f3n en funci\u00f3n de la evoluci\u00f3n del IPIM (\u00cdndice de Precios Internos al por Mayor) que elabora el Instituto Nacional de Estad\u00edstica y Censos (Indec) y, adem\u00e1s, que la recomposici\u00f3n se aplique en su totalidad al cargo fijo y no al variable.<\/p>\n\n\n\n<p>La audiencia comenz\u00f3 con la exposici\u00f3n del interventor del Enargas, Carlos Casares, quien alert\u00f3 sobre la urgencia de dar definiciones sobre las obras del reversal del Gasoducto del Norte, debido a que a partir de agosto de este a\u00f1o \u201cel acuerdo de YPFB (de Bolivia) con Enarsa se convierte en provisi\u00f3n interrumpible, pudiendo llegar a ser cero\u201d.<\/p>\n\n\n\n<p>Esa situaci\u00f3n, indic\u00f3, \u201ccoloca en situaci\u00f3n de alto riesgo de desabastecimiento de gas natural y energ\u00eda el\u00e9ctrica al noroeste y centro del pa\u00eds\u201d.<\/p>\n","protected":false},"excerpt":{"rendered":"<p>El Gobierno anticip\u00f3 este lunes que implementar\u00e1 una modificaci\u00f3n en los criterios de segmentaci\u00f3n de la tarifa del<\/p>\n","protected":false},"author":1,"featured_media":863,"comment_status":"closed","ping_status":"closed","sticky":false,"template":"","format":"standard","meta":{"footnotes":""},"categories":[3],"tags":[],"class_list":["post-862","post","type-post","status-publish","format-standard","has-post-thumbnail","hentry","category-generales"],"_links":{"self":[{"href":"https:\/\/notidiario24.com.ar\/portalweb\/wp-json\/wp\/v2\/posts\/862","targetHints":{"allow":["GET"]}}],"collection":[{"href":"https:\/\/notidiario24.com.ar\/portalweb\/wp-json\/wp\/v2\/posts"}],"about":[{"href":"https:\/\/notidiario24.com.ar\/portalweb\/wp-json\/wp\/v2\/types\/post"}],"author":[{"embeddable":true,"href":"https:\/\/notidiario24.com.ar\/portalweb\/wp-json\/wp\/v2\/users\/1"}],"replies":[{"embeddable":true,"href":"https:\/\/notidiario24.com.ar\/portalweb\/wp-json\/wp\/v2\/comments?post=862"}],"version-history":[{"count":1,"href":"https:\/\/notidiario24.com.ar\/portalweb\/wp-json\/wp\/v2\/posts\/862\/revisions"}],"predecessor-version":[{"id":864,"href":"https:\/\/notidiario24.com.ar\/portalweb\/wp-json\/wp\/v2\/posts\/862\/revisions\/864"}],"wp:featuredmedia":[{"embeddable":true,"href":"https:\/\/notidiario24.com.ar\/portalweb\/wp-json\/wp\/v2\/media\/863"}],"wp:attachment":[{"href":"https:\/\/notidiario24.com.ar\/portalweb\/wp-json\/wp\/v2\/media?parent=862"}],"wp:term":[{"taxonomy":"category","embeddable":true,"href":"https:\/\/notidiario24.com.ar\/portalweb\/wp-json\/wp\/v2\/categories?post=862"},{"taxonomy":"post_tag","embeddable":true,"href":"https:\/\/notidiario24.com.ar\/portalweb\/wp-json\/wp\/v2\/tags?post=862"}],"curies":[{"name":"wp","href":"https:\/\/api.w.org\/{rel}","templated":true}]}}