{"id":837,"date":"2024-01-05T17:49:04","date_gmt":"2024-01-05T17:49:04","guid":{"rendered":"https:\/\/notidiario24.com.ar\/portalweb\/?p=837"},"modified":"2024-01-05T17:49:05","modified_gmt":"2024-01-05T17:49:05","slug":"vamos-a-reestablecer-el-vinculo-entre-transito-y-la-comunidad","status":"publish","type":"post","link":"https:\/\/notidiario24.com.ar\/portalweb\/2024\/01\/05\/vamos-a-reestablecer-el-vinculo-entre-transito-y-la-comunidad\/","title":{"rendered":"\u201cVamos a reestablecer el v\u00ednculo entre Tr\u00e1nsito y la comunidad\u201d"},"content":{"rendered":"\n<p>El municipio reforzar\u00e1 los controles vehiculares en la ciudad, duplicar\u00e1 el monto de las multas por alcohol al volante y ya trabaja en la licitaci\u00f3n para implementar la fotomulta.<\/p>\n\n\n\n<!--more-->\n\n\n\n<p>La nueva gesti\u00f3n del intendente Pablo Grasso, trajo aparejadas modificaciones a la Org\u00e1nica Municipal, ampliando los alcances de las \u00e1reas de la cartera de Gobierno, que cre\u00f3 la Direcci\u00f3n General de Seguridad Urbana, bajo la cual se encuentra Tr\u00e1nsito.<br>Desde su asunci\u00f3n, la secretar\u00eda de Gobierno, Sara Delgado, mantuvo distintas reuniones con el \u00e1rea operativa, entendiendo que era necesaria una reestructuraci\u00f3n, para que las y los agentes recuperen el control vehicular en las calles.<br>\u201cDespu\u00e9s de la muerte de Rodrigo Oyarzo, por la cual todav\u00eda hay cerca de una docena de agentes sumariados y a disposici\u00f3n de la justicia, los controles se siguieron haciendo, pero hubo una ruptura en el trato con la gente. En esto el Intendente fue muy claro, y quienes hicieron mal las cosas deber\u00e1n responder. La gesti\u00f3n se est\u00e1 ocupando de generar las condiciones para que Tr\u00e1nsito cumpla con su funci\u00f3n preventiva\u201d, explic\u00f3 la funcionaria.<br>La idea es que desde la Direcci\u00f3n General de Seguridad Urbana se trabaje en varios aspectos junto a Tr\u00e1nsito, uno de ellos es la capacitaci\u00f3n. \u201cEntre los m\u00e1s de cien agentes que tiene el \u00e1rea, hay una enorme mayor\u00eda que trabaja con dedicaci\u00f3n, pero tenemos que terminar con cierta l\u00f3gica que les hizo creer a algunos que son una fuerza de seguridad. No lo son, son agentes municipales que tienen que velar por el cumplimiento de las normas de tr\u00e1nsito y, en la medida de lo posible, hacer que la gente llegue sana y salva a sus casas\u201d, explic\u00f3.<br>Delgado mencion\u00f3 que trabajan en el dise\u00f1o de capacitaciones permanentes con transversalizaci\u00f3n en derechos humanos. \u201cNo vamos a tolerar el destrato hacia los vecinos y vecinas, pero en esto quiero ser clara tambi\u00e9n: Tr\u00e1nsito debe recuperar el control de la calle y vamos a pedirle a la gente que entienda que no son todos lo mismo, y lo aclaro porque la contracara de la tragedia que sucedi\u00f3, hizo que creciera la hostilidad hacia las y los agentes de tr\u00e1nsito. Conductores que se fugan del control, patadas a los m\u00f3viles, piedrazos, y dem\u00e1s situaciones que nos llevan a tener entre cuatro y cinco denuncias al mes. Nosotros entendemos la bronca, y no tenemos nada que ocultar ni a nadie que proteger. Tr\u00e1nsito est\u00e1 para velar por la seguridad de los vecinos y vecinas, por eso vamos a hacer todo lo humanamente posible por recomponer lazos\u201d.<br>En los pr\u00f3ximos d\u00edas, el municipio va a lanzar la campa\u00f1a de prevenci\u00f3n de verano, con fuerte despliegue de las unidades de tr\u00e1nsito por la ciudad, haciendo pie en la periferia riogalleguense y las zonas m\u00e1s calientes.<br>\u201cNuestra intenci\u00f3n es que los m\u00f3viles de las unidades tengan c\u00e1maras y todos los procedimientos queden registrados. Actualmente, as\u00ed se trabaja con uno de los veh\u00edculos como prueba piloto. Esto nos va a permitir saber de primera mano c\u00f3mo act\u00faa el personal, pero tambi\u00e9n qu\u00e9 pasa con quienes forman parte de un control\u201d, indic\u00f3.<br>En este sentido, la funcionaria hizo saber que la comuna trabaja en un proyecto de implementaci\u00f3n de la fotomulta en distintos puntos de la ciudad. \u201cEstamos estudi\u00e1ndolo, evaluando c\u00f3mo podr\u00edamos acceder a los fondos para la adquisici\u00f3n de m\u00e1s c\u00e1maras, en un contexto en el que se nos quiere hacer creer que el<br>financiamiento del Estado nacional o provincial era una \u2018fiesta\u2019, y por otro lado le dicen a la gente que cualquier medida impositiva para mejorar la recaudaci\u00f3n es tarifazo\u201d, cuestion\u00f3.<\/p>\n\n\n\n<p>Para Delgado, \u201cla fiscalizaci\u00f3n electr\u00f3nica es una demanda de estos tiempos porque necesitamos ser m\u00e1s eficientes en los controles mientras nos ocupamos de concientizar a la comunidad para reducir las conductas que ponen en peligro a los dem\u00e1s\u201d.<br>En este sentido, se refiri\u00f3 al incidente vial en el que muri\u00f3 la adolescente Brianna Matulich,<br>en cercan\u00edas de autov\u00eda. \u201cNos mantuvimos en contacto con la familia y nos pusimos a disposici\u00f3n como correspond\u00eda. Es un hecho que conmueve y genera mucha impotencia la falta de empat\u00eda de personas que no fueron capaces de asistir a sus v\u00edctimas en ese momento. Tambi\u00e9n estamos en contacto con las autoridades judiciales siguiendo el avance de la investigaci\u00f3n\u201d.<br>En este punto, la funcionaria anunci\u00f3 que luego de estos hechos, \u201cel intendente, que sigue de cerca el caso, solicit\u00f3 que gener\u00e1semos los instrumentos legales para aumentar las multas por alcohol al volante en un ciento por ciento\u201d.<\/p>\n","protected":false},"excerpt":{"rendered":"<p>El municipio reforzar\u00e1 los controles vehiculares en la ciudad, duplicar\u00e1 el monto de las multas por alcohol al<\/p>\n","protected":false},"author":1,"featured_media":838,"comment_status":"closed","ping_status":"closed","sticky":false,"template":"","format":"standard","meta":{"footnotes":""},"categories":[3],"tags":[],"class_list":["post-837","post","type-post","status-publish","format-standard","has-post-thumbnail","hentry","category-generales"],"_links":{"self":[{"href":"https:\/\/notidiario24.com.ar\/portalweb\/wp-json\/wp\/v2\/posts\/837","targetHints":{"allow":["GET"]}}],"collection":[{"href":"https:\/\/notidiario24.com.ar\/portalweb\/wp-json\/wp\/v2\/posts"}],"about":[{"href":"https:\/\/notidiario24.com.ar\/portalweb\/wp-json\/wp\/v2\/types\/post"}],"author":[{"embeddable":true,"href":"https:\/\/notidiario24.com.ar\/portalweb\/wp-json\/wp\/v2\/users\/1"}],"replies":[{"embeddable":true,"href":"https:\/\/notidiario24.com.ar\/portalweb\/wp-json\/wp\/v2\/comments?post=837"}],"version-history":[{"count":1,"href":"https:\/\/notidiario24.com.ar\/portalweb\/wp-json\/wp\/v2\/posts\/837\/revisions"}],"predecessor-version":[{"id":839,"href":"https:\/\/notidiario24.com.ar\/portalweb\/wp-json\/wp\/v2\/posts\/837\/revisions\/839"}],"wp:featuredmedia":[{"embeddable":true,"href":"https:\/\/notidiario24.com.ar\/portalweb\/wp-json\/wp\/v2\/media\/838"}],"wp:attachment":[{"href":"https:\/\/notidiario24.com.ar\/portalweb\/wp-json\/wp\/v2\/media?parent=837"}],"wp:term":[{"taxonomy":"category","embeddable":true,"href":"https:\/\/notidiario24.com.ar\/portalweb\/wp-json\/wp\/v2\/categories?post=837"},{"taxonomy":"post_tag","embeddable":true,"href":"https:\/\/notidiario24.com.ar\/portalweb\/wp-json\/wp\/v2\/tags?post=837"}],"curies":[{"name":"wp","href":"https:\/\/api.w.org\/{rel}","templated":true}]}}