{"id":771,"date":"2023-12-29T01:15:35","date_gmt":"2023-12-29T01:15:35","guid":{"rendered":"https:\/\/notidiario24.com.ar\/portalweb\/?p=771"},"modified":"2023-12-29T01:15:36","modified_gmt":"2023-12-29T01:15:36","slug":"vidal-designo-a-un-trabajador-jubilado-al-frente-de-la-empresa-de-servicios-publicos","status":"publish","type":"post","link":"https:\/\/notidiario24.com.ar\/portalweb\/2023\/12\/29\/vidal-designo-a-un-trabajador-jubilado-al-frente-de-la-empresa-de-servicios-publicos\/","title":{"rendered":"Vidal design\u00f3 a un trabajador jubilado al frente de la empresa de Servicios P\u00fablicos"},"content":{"rendered":"\n<p>Se trata de Jorge Luis Avenda\u00f1o, maestro mayor de obras y t\u00e9cnico superior en administraci\u00f3n financiera. El Gobernador mantuvo la misma l\u00ednea que us\u00f3 para las designaciones en el Instituto de Desarrollo Urbano y Vivienda (IDUV) y en la Administraci\u00f3n General de Vialidad Provincial, lugares en los que las conducciones quedaron a cargo de trabajadores.<\/p>\n\n\n\n<!--more-->\n\n\n\n<p>El gobernador de la provincia de Santa Cruz, Claudio Vidal, design\u00f3 a Jorge Luis Avenda\u00f1o al frente de Servicios P\u00fablicos Sociedad del Estado (SPSE).<\/p>\n\n\n\n<p>Se trata de un trabajador jubilado de la propia SPSE, que lleg\u00f3 a ser gerente en tres oportunidades, todas por concurso, en las \u00e1reas de saneamiento, control de gesti\u00f3n y la gerencia comercial.<\/p>\n\n\n\n<p>El Gobernador mantuvo la misma l\u00ednea que impuso para las conducciones del Instituto de Vivienda y para Vialidad (IDUV), en las que los trabajadores est\u00e1n al frente de ambas entidades.<\/p>\n\n\n\n<p>Vidal expres\u00f3 que siente \u201cun gran orgullo al designar a Jorge Avenda\u00f1o porque se trata de alguien que se form\u00f3, estudi\u00f3 durante toda la vida, nunca se conform\u00f3 y siempre intent\u00f3 superarse\u201d.<\/p>\n\n\n\n<p>Por otro lado, dijo que \u201cese es el ejemplo de los trabajadores que queremos para el Estado, comprometidos, capacitados, con ganas de crecer, honrados, y que asuman su rol, cualquiera sea el que les toque, como el m\u00e1s alto honor de sus vidas. Trabajar para el Estado es servir al pueblo, y atender sus necesidades.\u201d<\/p>\n","protected":false},"excerpt":{"rendered":"<p>Se trata de Jorge Luis Avenda\u00f1o, maestro mayor de obras y t\u00e9cnico superior en administraci\u00f3n financiera. El Gobernador<\/p>\n","protected":false},"author":1,"featured_media":772,"comment_status":"closed","ping_status":"closed","sticky":false,"template":"","format":"standard","meta":{"footnotes":""},"categories":[4],"tags":[],"class_list":["post-771","post","type-post","status-publish","format-standard","has-post-thumbnail","hentry","category-politica"],"_links":{"self":[{"href":"https:\/\/notidiario24.com.ar\/portalweb\/wp-json\/wp\/v2\/posts\/771","targetHints":{"allow":["GET"]}}],"collection":[{"href":"https:\/\/notidiario24.com.ar\/portalweb\/wp-json\/wp\/v2\/posts"}],"about":[{"href":"https:\/\/notidiario24.com.ar\/portalweb\/wp-json\/wp\/v2\/types\/post"}],"author":[{"embeddable":true,"href":"https:\/\/notidiario24.com.ar\/portalweb\/wp-json\/wp\/v2\/users\/1"}],"replies":[{"embeddable":true,"href":"https:\/\/notidiario24.com.ar\/portalweb\/wp-json\/wp\/v2\/comments?post=771"}],"version-history":[{"count":1,"href":"https:\/\/notidiario24.com.ar\/portalweb\/wp-json\/wp\/v2\/posts\/771\/revisions"}],"predecessor-version":[{"id":773,"href":"https:\/\/notidiario24.com.ar\/portalweb\/wp-json\/wp\/v2\/posts\/771\/revisions\/773"}],"wp:featuredmedia":[{"embeddable":true,"href":"https:\/\/notidiario24.com.ar\/portalweb\/wp-json\/wp\/v2\/media\/772"}],"wp:attachment":[{"href":"https:\/\/notidiario24.com.ar\/portalweb\/wp-json\/wp\/v2\/media?parent=771"}],"wp:term":[{"taxonomy":"category","embeddable":true,"href":"https:\/\/notidiario24.com.ar\/portalweb\/wp-json\/wp\/v2\/categories?post=771"},{"taxonomy":"post_tag","embeddable":true,"href":"https:\/\/notidiario24.com.ar\/portalweb\/wp-json\/wp\/v2\/tags?post=771"}],"curies":[{"name":"wp","href":"https:\/\/api.w.org\/{rel}","templated":true}]}}