{"id":762,"date":"2023-12-23T02:13:23","date_gmt":"2023-12-23T02:13:23","guid":{"rendered":"https:\/\/notidiario24.com.ar\/portalweb\/?p=762"},"modified":"2023-12-23T02:13:24","modified_gmt":"2023-12-23T02:13:24","slug":"julio-gutierrez-los-diputados-kirchneristas-siguen-de-espaldas-al-pueblo","status":"publish","type":"post","link":"https:\/\/notidiario24.com.ar\/portalweb\/2023\/12\/23\/julio-gutierrez-los-diputados-kirchneristas-siguen-de-espaldas-al-pueblo\/","title":{"rendered":"Julio Guti\u00e9rrez: \u00abLos diputados kirchneristas siguen de espaldas al pueblo\u00bb"},"content":{"rendered":"\n<p>El gobierno cuestion\u00f3 a los diputados del kirchnerismo en Santa Cruz, que se negaron a dar qu\u00f3rum en la sesi\u00f3n prevista para hoy. Vidal busca sancionar la nueva ley de Ministerios y desde Uni\u00f3n por la Patria, impidieron el tratamiento de las herramientas de gobierno que necesita la administraci\u00f3n entrante.<\/p>\n\n\n\n<!--more-->\n\n\n\n<p>El ministro de Trabajo de la provincia de Santa Cruz, Julio Guti\u00e9rrez, afirm\u00f3 que \u201cel kirchnerismo quiere agravar la herencia que nos dej\u00f3\u201d y que los diputados de Uni\u00f3n por la Patria, que se negaron a dar qu\u00f3rum en la sesi\u00f3n extraordinaria \u201csiguen de espaldas al pueblo de Santa Cruz, no quieren que se haga la auditor\u00eda que el gobernador anunci\u00f3, ni que se derogue la ley de lemas. Eligen los m\u00e9todos que siempre han criticado, negarse a sesionar y pretender dejarnos sin gobernabilidad, por eso la sociedad los sigue criticando\u201d.<\/p>\n\n\n\n<p>Respecto de uno de los argumentos del bloque opositor, sobre la situaci\u00f3n que atraviesan los municipios que tienen dificultades para afrontar los pagos de aguinaldo, Guti\u00e9rrez asegur\u00f3 que \u201cel gobierno provincial est\u00e1 cumpliendo con todos los municipios, afrontando las transferencias de los recursos emanados de la coparticipaci\u00f3n y cumpliendo con todas las obligaciones que nos impone la ley\u201d.<br>\u201cLamentablemente \u2013a\u00f1adi\u00f3- los desmanejos del kirchnerismo pervirtieron las relaciones con los municipios del interior y los pusieron en jaque, al acostumbrarlos a repartos discrecionales por fuera de lo que marcan las leyes. Esa fiesta se termin\u00f3\u201d.<\/p>\n\n\n\n<p>En relaci\u00f3n a los legisladores de Uni\u00f3n por la Patria, afirm\u00f3 que \u201cdeben tener responsabilidad democr\u00e1tica. La sociedad santacruce\u00f1a vot\u00f3 este cambio y ellos deben solamente cumplir con su trabajo, ni m\u00e1s ni menos que eso, sentarse a trabajar. El gobernador Vidal no est\u00e1 emitiendo un decreto, est\u00e1 cumpliendo la Constituci\u00f3n y est\u00e1 enviando la nueva ley de ministerios, que permitir\u00e1 poner en marcha su plan de gobierno y cumplir con sus propuestas electorales.\u201d<\/p>\n\n\n\n<p>Guti\u00e9rrez sentenci\u00f3 que \u201cvinimos a ordenar, con responsabilidad, el desastre que nos dej\u00f3 el kirchnerismo. No estamos pidiendo plata, no violamos la ley, cumplimos con la Democracia. Le pedimos lo mismo a la oposici\u00f3n. Sabemos del gusto por violentar las leyes que vienen mostrando desde hace tiempo, pero esa etapa se termin\u00f3. Este es un momento de responsabilidad institucional. Si quieren ayudar de verdad a los pueblos, a las comunidades de la provincia, a los municipios del interior de quienes se sienten con derecho de defender, que se presenten a trabajar y ofrezcan sus propuestas, de eso se trata la democracia\u201d.<\/p>\n","protected":false},"excerpt":{"rendered":"<p>El gobierno cuestion\u00f3 a los diputados del kirchnerismo en Santa Cruz, que se negaron a dar qu\u00f3rum en<\/p>\n","protected":false},"author":1,"featured_media":763,"comment_status":"closed","ping_status":"closed","sticky":false,"template":"","format":"standard","meta":{"footnotes":""},"categories":[4],"tags":[],"class_list":["post-762","post","type-post","status-publish","format-standard","has-post-thumbnail","hentry","category-politica"],"_links":{"self":[{"href":"https:\/\/notidiario24.com.ar\/portalweb\/wp-json\/wp\/v2\/posts\/762","targetHints":{"allow":["GET"]}}],"collection":[{"href":"https:\/\/notidiario24.com.ar\/portalweb\/wp-json\/wp\/v2\/posts"}],"about":[{"href":"https:\/\/notidiario24.com.ar\/portalweb\/wp-json\/wp\/v2\/types\/post"}],"author":[{"embeddable":true,"href":"https:\/\/notidiario24.com.ar\/portalweb\/wp-json\/wp\/v2\/users\/1"}],"replies":[{"embeddable":true,"href":"https:\/\/notidiario24.com.ar\/portalweb\/wp-json\/wp\/v2\/comments?post=762"}],"version-history":[{"count":1,"href":"https:\/\/notidiario24.com.ar\/portalweb\/wp-json\/wp\/v2\/posts\/762\/revisions"}],"predecessor-version":[{"id":764,"href":"https:\/\/notidiario24.com.ar\/portalweb\/wp-json\/wp\/v2\/posts\/762\/revisions\/764"}],"wp:featuredmedia":[{"embeddable":true,"href":"https:\/\/notidiario24.com.ar\/portalweb\/wp-json\/wp\/v2\/media\/763"}],"wp:attachment":[{"href":"https:\/\/notidiario24.com.ar\/portalweb\/wp-json\/wp\/v2\/media?parent=762"}],"wp:term":[{"taxonomy":"category","embeddable":true,"href":"https:\/\/notidiario24.com.ar\/portalweb\/wp-json\/wp\/v2\/categories?post=762"},{"taxonomy":"post_tag","embeddable":true,"href":"https:\/\/notidiario24.com.ar\/portalweb\/wp-json\/wp\/v2\/tags?post=762"}],"curies":[{"name":"wp","href":"https:\/\/api.w.org\/{rel}","templated":true}]}}