{"id":7558,"date":"2026-09-05T03:53:50","date_gmt":"2026-09-05T03:53:50","guid":{"rendered":"https:\/\/notidiario24.com.ar\/portalweb\/?p=7558"},"modified":"2026-09-05T04:01:00","modified_gmt":"2026-09-05T04:01:00","slug":"pamela-bejarano-es-un-bebe-estan-vulnerando-todos-nuestros-derechos","status":"publish","type":"post","link":"https:\/\/notidiario24.com.ar\/portalweb\/2026\/09\/05\/pamela-bejarano-es-un-bebe-estan-vulnerando-todos-nuestros-derechos\/","title":{"rendered":"Pamela Pesoa: Hablo del beb\u00e9 de Nahir, elecciones de la CSS y Peronismo\u201d"},"content":{"rendered":"\n<p class=\"wp-block-paragraph\"><em>La concejal de Perito Moreno cuestion\u00f3 la falta de respuestas ante el caso de Nahir, el beb\u00e9 de nueve meses que necesita una biopsia, y reclam\u00f3 mayor compromiso del Gobierno provincial y de la Caja de Servicios Sociales. Tambi\u00e9n destac\u00f3 el resultado de las elecciones de vocales y habl\u00f3 de la reconstrucci\u00f3n del peronismo en Santa Cruz.<\/em><\/p>\n\n\n\n<!--more-->\n\n\n\n<p class=\"wp-block-paragraph\">La situaci\u00f3n de <strong>Nahir, un beb\u00e9 de apenas nueve meses que necesita ser sometido a una biopsia por un bulto en la zona de la axila<\/strong>, volvi\u00f3 a poner en el centro de la escena las dificultades que atraviesan muchas familias santacruce\u00f1as para acceder a la cobertura de salud.<\/p>\n\n\n\n<p class=\"wp-block-paragraph\">En di\u00e1logo con <em>Noticiario 24<\/em>, la concejal de Perito Moreno <strong>Pamela Pesoa<\/strong> calific\u00f3 el caso como \u201cuna situaci\u00f3n terrible\u201d y cuestion\u00f3 duramente la falta de respuestas que, seg\u00fan se\u00f1al\u00f3, recibi\u00f3 la familia desde el nacimiento del ni\u00f1o.<\/p>\n\n\n\n<p class=\"wp-block-paragraph\">\u201c<strong>La situaci\u00f3n que tiene el vecino Nair con su beb\u00e9, la familia, la mam\u00e1, es terrible. Hemos estado nosotros con nuestro equipo de trabajo tratando de ayudar, de contener, de la manera que encontramos ante la poca respuesta del Gobierno provincial<\/strong>\u201d, sostuvo.<\/p>\n\n\n\n<p class=\"wp-block-paragraph\">Pesoa explic\u00f3 que desde su espacio intentaron gestionar la incorporaci\u00f3n del beb\u00e9 a la cobertura de la Caja de Servicios Sociales, pero que hasta el momento no hab\u00edan logrado obtener una respuesta concreta.<\/p>\n\n\n\n<p class=\"wp-block-paragraph\">\u201c<strong>El alta de ese beb\u00e9 la venimos buscando desde el d\u00eda que naci\u00f3<\/strong>\u201d, afirm\u00f3.<\/p>\n\n\n\n<p class=\"wp-block-paragraph\">Seg\u00fan relat\u00f3, la familia realiz\u00f3 distintos tr\u00e1mites y gestiones ante organismos provinciales y la CSS, pero sin conseguir una soluci\u00f3n. Frente a esa situaci\u00f3n, el padre decidi\u00f3 hacer p\u00fablico el caso y recurrir a las redes sociales para visibilizar el problema.<\/p>\n\n\n\n<p class=\"wp-block-paragraph\">\u201cLamentablemente, como todo el mundo lo vio en las redes, el vecino tuvo que tomar la decisi\u00f3n de hacerlo p\u00fablico, hacerlo medi\u00e1tico para que el Gobierno accione\u201d, manifest\u00f3.<\/p>\n\n\n\n<p class=\"wp-block-paragraph\">Para la concejal, se trata de una situaci\u00f3n que no deber\u00eda ocurrir y que adquiere todav\u00eda mayor gravedad por tratarse de un ni\u00f1o.<\/p>\n\n\n\n<blockquote class=\"wp-block-quote is-layout-flow wp-block-quote-is-layout-flow\">\n<p class=\"wp-block-paragraph\"><strong>\u201cEs un beb\u00e9. Est\u00e1n vulnerando todos nuestros derechos.\u201d<\/strong><\/p>\n<\/blockquote>\n\n\n\n<h3 class=\"wp-block-heading\"><strong>Pedido al intendente y acompa\u00f1amiento de los vecinos<\/strong><\/h3>\n\n\n\n<p class=\"wp-block-paragraph\">Pesoa tambi\u00e9n cont\u00f3 que tom\u00f3 contacto con el intendente de Perito Moreno para solicitarle que intervenga y le informe cu\u00e1l era la situaci\u00f3n administrativa de la familia.<\/p>\n\n\n\n<p class=\"wp-block-paragraph\">\u201c<strong>Le ped\u00ed, por favor, que se ocupe, que me comente cu\u00e1l es la realidad que tienen. Qued\u00f3 en llamarme, en avisarme. Todav\u00eda estoy esperando la respuesta<\/strong>\u201d, se\u00f1al\u00f3.<\/p>\n\n\n\n<p class=\"wp-block-paragraph\">La edil destac\u00f3 adem\u00e1s la solidaridad de los vecinos de Perito Moreno, quienes comenzaron a colaborar con la familia ante las dificultades que atraviesa.<\/p>\n\n\n\n<p class=\"wp-block-paragraph\">\u201c<strong>Perito Moreno ante esa situaci\u00f3n es muy solidario y la verdad que un mont\u00f3n de vecinos est\u00e1n colaborando y ayudando<\/strong>\u201d, destac\u00f3.<\/p>\n\n\n\n<p class=\"wp-block-paragraph\">En ese sentido, expres\u00f3 su preocupaci\u00f3n por el impacto que tiene esta situaci\u00f3n sobre los padres del peque\u00f1o.<\/p>\n\n\n\n<p class=\"wp-block-paragraph\">\u201cEs muy doloroso ver el poco inter\u00e9s que tienen a veces sobre estas situaciones. <strong>Es un beb\u00e9. Yo tengo hijos, yo s\u00e9 lo que se siente esa mam\u00e1<\/strong>\u201d, afirm\u00f3.<\/p>\n\n\n\n<p class=\"wp-block-paragraph\">Y agreg\u00f3: \u201cEse pap\u00e1 que lucha d\u00eda a d\u00eda, que tiene a su beb\u00e9, que pide, que va, que golpea las puertas&#8230; <strong>es muy desesperante<\/strong>\u201d.<\/p>\n\n\n\n<h3 class=\"wp-block-heading\"><strong>La elecci\u00f3n de vocales de la CSS: \u201cAhora hay esperanza\u201d<\/strong><\/h3>\n\n\n\n<p class=\"wp-block-paragraph\">Durante la entrevista, Pesoa tambi\u00e9n se refiri\u00f3 a las recientes elecciones de representantes de los afiliados en la <strong>Caja de Servicios Sociales<\/strong> y al resultado obtenido en Perito Moreno.<\/p>\n\n\n\n<p class=\"wp-block-paragraph\">La concejal consider\u00f3 que los problemas que atraviesan los afiliados, especialmente aquellos que padecen enfermedades cr\u00f3nicas o necesitan tratamientos prolongados y costosos, fueron determinantes para que muchos trabajadores se involucraran en la elecci\u00f3n.<\/p>\n\n\n\n<p class=\"wp-block-paragraph\">\u201c<strong>Estamos muy contentos. La verdad que nosotros estamos felices de que vamos a poder tener a alguien que nos atienda, que nos resuelva<\/strong>\u201d, expres\u00f3.<\/p>\n\n\n\n<p class=\"wp-block-paragraph\">Seg\u00fan explic\u00f3, en la localidad durante los \u00faltimos a\u00f1os muchos reclamos terminaron reducidos a notas y expedientes sin una respuesta concreta.<\/p>\n\n\n\n<p class=\"wp-block-paragraph\">\u201cLos pedidos mueren en una nota, quedan en un escritorio y no hay una respuesta\u201d, cuestion\u00f3.<\/p>\n\n\n\n<p class=\"wp-block-paragraph\">En ese contexto, destac\u00f3 la importancia de que los afiliados hayan participado activamente de la elecci\u00f3n.<\/p>\n\n\n\n<p class=\"wp-block-paragraph\">\u201c<strong>Lo que vemos ahora es que hay esperanza<\/strong>\u201d, sostuvo.<\/p>\n\n\n\n<p class=\"wp-block-paragraph\">La concejal remarc\u00f3 especialmente el acompa\u00f1amiento de vecinos que atraviesan enfermedades cr\u00f3nicas y tratamientos de alto costo, quienes \u2014seg\u00fan relat\u00f3\u2014 tuvieron que realizar reclamos personalmente y hasta presentarse en actos oficiales para intentar obtener respuestas.<\/p>\n\n\n\n<p class=\"wp-block-paragraph\">\u201cAnte esta situaci\u00f3n y todo lo que viene aconteciendo estos dos a\u00f1os y medio, tres a\u00f1os, <strong>los vecinos se acercaron a votar y tuvimos un resultado positivo<\/strong>\u201d, se\u00f1al\u00f3.<\/p>\n\n\n\n<p class=\"wp-block-paragraph\">Pesoa asegur\u00f3 adem\u00e1s que ya puso en conocimiento de <strong>Natalia Huaiquil<\/strong>, Vocal electa por los activos en la CSS, la situaci\u00f3n de Nahir para que pueda intervenir desde su lugar.<\/p>\n\n\n\n<h3 class=\"wp-block-heading\"><strong>\u201cQuiero recuperar el peronismo en Perito Moreno y en mi provincia\u201d<\/strong><\/h3>\n\n\n\n<p class=\"wp-block-paragraph\">Finalmente, la concejal habl\u00f3 sobre el acto de asunci\u00f3n de las nuevas autoridades del Partido Justicialista de Santa Cruz y reivindic\u00f3 su pertenencia pol\u00edtica.<\/p>\n\n\n\n<p class=\"wp-block-paragraph\">\u201c<strong>A m\u00ed vos me habl\u00e1s de peronismo y yo soy una mujer peronista desde muy chiquita, gracias a mi abuela<\/strong>\u201d, expres\u00f3.<\/p>\n\n\n\n<p class=\"wp-block-paragraph\">Pesoa record\u00f3 que, cuando fue electa, le preguntaron qu\u00e9 quer\u00eda hacer pol\u00edticamente en Perito Moreno.<\/p>\n\n\n\n<p class=\"wp-block-paragraph\">Su respuesta, seg\u00fan cont\u00f3, fue concreta:<\/p>\n\n\n\n<blockquote class=\"wp-block-quote is-layout-flow wp-block-quote-is-layout-flow\">\n<p class=\"wp-block-paragraph\"><strong>\u201cYo lo que quiero hacer es recuperar el peronismo en Perito Moreno y en mi provincia.\u201d<\/strong><\/p>\n<\/blockquote>\n\n\n\n<p class=\"wp-block-paragraph\">La concejal destac\u00f3 la reciente asunci\u00f3n de las autoridades del Consejo Local del PJ en Perito Moreno y describi\u00f3 el encuentro como \u201cun d\u00eda de fiesta\u201d, resaltando la presencia de militantes y dirigentes.<\/p>\n\n\n\n<p class=\"wp-block-paragraph\">Tambi\u00e9n confirm\u00f3 con orgullo su incorporaci\u00f3n a la estructura provincial del partido.<\/p>\n\n\n\n<p class=\"wp-block-paragraph\">\u201c<strong>Muy orgullosa de poder ser parte de la lista provincial, del Consejo Provincial, con mucho orgullo y con mucho compromiso<\/strong>\u201d, afirm\u00f3.<\/p>\n\n\n\n<p class=\"wp-block-paragraph\">Pamela asegur\u00f3 que continuar\u00e1 recorriendo las localidades y manteniendo el contacto con los vecinos.<\/p>\n\n\n\n<p class=\"wp-block-paragraph\">\u201c<strong>Voy a seguir militando mis banderas y voy a estar en cada localidad y con cada vecino que necesite<\/strong>\u201d, concluy\u00f3.<\/p>\n","protected":false},"excerpt":{"rendered":"<p>La concejal de Perito Moreno cuestion\u00f3 la falta de respuestas ante el caso de Nahir, el beb\u00e9 de<\/p>\n","protected":false},"author":1,"featured_media":7559,"comment_status":"closed","ping_status":"closed","sticky":false,"template":"","format":"standard","meta":{"footnotes":""},"categories":[4],"tags":[],"class_list":["post-7558","post","type-post","status-publish","format-standard","has-post-thumbnail","hentry","category-politica"],"_links":{"self":[{"href":"https:\/\/notidiario24.com.ar\/portalweb\/wp-json\/wp\/v2\/posts\/7558","targetHints":{"allow":["GET"]}}],"collection":[{"href":"https:\/\/notidiario24.com.ar\/portalweb\/wp-json\/wp\/v2\/posts"}],"about":[{"href":"https:\/\/notidiario24.com.ar\/portalweb\/wp-json\/wp\/v2\/types\/post"}],"author":[{"embeddable":true,"href":"https:\/\/notidiario24.com.ar\/portalweb\/wp-json\/wp\/v2\/users\/1"}],"replies":[{"embeddable":true,"href":"https:\/\/notidiario24.com.ar\/portalweb\/wp-json\/wp\/v2\/comments?post=7558"}],"version-history":[{"count":2,"href":"https:\/\/notidiario24.com.ar\/portalweb\/wp-json\/wp\/v2\/posts\/7558\/revisions"}],"predecessor-version":[{"id":7562,"href":"https:\/\/notidiario24.com.ar\/portalweb\/wp-json\/wp\/v2\/posts\/7558\/revisions\/7562"}],"wp:featuredmedia":[{"embeddable":true,"href":"https:\/\/notidiario24.com.ar\/portalweb\/wp-json\/wp\/v2\/media\/7559"}],"wp:attachment":[{"href":"https:\/\/notidiario24.com.ar\/portalweb\/wp-json\/wp\/v2\/media?parent=7558"}],"wp:term":[{"taxonomy":"category","embeddable":true,"href":"https:\/\/notidiario24.com.ar\/portalweb\/wp-json\/wp\/v2\/categories?post=7558"},{"taxonomy":"post_tag","embeddable":true,"href":"https:\/\/notidiario24.com.ar\/portalweb\/wp-json\/wp\/v2\/tags?post=7558"}],"curies":[{"name":"wp","href":"https:\/\/api.w.org\/{rel}","templated":true}]}}