{"id":7553,"date":"2026-09-04T00:55:08","date_gmt":"2026-09-04T00:55:08","guid":{"rendered":"https:\/\/notidiario24.com.ar\/portalweb\/?p=7553"},"modified":"2026-09-04T00:55:09","modified_gmt":"2026-09-04T00:55:09","slug":"pami-senadora-santacrucena-cuestiono-con-dureza-al-gobierno-nacional","status":"publish","type":"post","link":"https:\/\/notidiario24.com.ar\/portalweb\/2026\/09\/04\/pami-senadora-santacrucena-cuestiono-con-dureza-al-gobierno-nacional\/","title":{"rendered":"PAMI: senadora santacruce\u00f1a cuestion\u00f3 con dureza al Gobierno nacional"},"content":{"rendered":"\n<p class=\"wp-block-paragraph\"><em>Natalia Gadano acompa\u00f1\u00f3 este mi\u00e9rcoles a jubilados y vecinos que se concentraron frente a la delegaci\u00f3n de PAMI en Caleta Olivia, donde expusieron las dificultades que atraviesan para acceder a medicamentos, atenci\u00f3n m\u00e9dica y tratamientos.<\/em><\/p>\n\n\n\n<!--more-->\n\n\n\n<p class=\"wp-block-paragraph\">La senadora nacional por Santa Cruz, <strong>Natalia Gadano<\/strong>, estuvo este mi\u00e9rcoles junto a un grupo de adultos mayores que se acerc\u00f3 a la delegaci\u00f3n de PAMI en <strong>Caleta Olivia<\/strong> para reclamar por las dificultades que enfrentan diariamente para acceder a prestaciones esenciales.<\/p>\n\n\n\n<p class=\"wp-block-paragraph\">Durante la concentraci\u00f3n, los manifestantes plantearon problemas vinculados con la <strong>entrega de medicamentos, atenci\u00f3n m\u00e9dica, acceso a especialistas, tratamientos y derivaciones<\/strong>, situaciones que, seg\u00fan expresaron, afectan especialmente a los jubilados de la localidad.<\/p>\n\n\n\n<p class=\"wp-block-paragraph\">La protesta cobr\u00f3 mayor fuerza luego del episodio ocurrido la semana pasada, cuando adultos mayores denunciaron haber recibido un destrato por parte del diputado nacional libertario por Santa Cruz, <strong>Jairo Guzm\u00e1n<\/strong>.<\/p>\n\n\n\n<h3 class=\"wp-block-heading\">\u201cYo no tengo la lapicera, la tiene el Ejecutivo Nacional\u201d<\/h3>\n\n\n\n<p class=\"wp-block-paragraph\">Durante el encuentro, Gadano aclar\u00f3 que su funci\u00f3n como senadora nacional no le otorga facultades para decidir sobre el funcionamiento de PAMI ni para autorizar prestaciones. Sin embargo, sostuvo que no pod\u00eda permanecer indiferente frente a los reclamos de los jubilados.<\/p>\n\n\n\n<blockquote class=\"wp-block-quote is-layout-flow wp-block-quote-is-layout-flow\">\n<p class=\"wp-block-paragraph\">\u201cYo no tengo la lapicera, la tiene el Ejecutivo Nacional. Mi responsabilidad es escuchar, acompa\u00f1ar y reclamar para que nuestros jubilados tengan las respuestas que necesitan\u201d, sostuvo la senadora.<\/p>\n<\/blockquote>\n\n\n\n<p class=\"wp-block-paragraph\">En ese sentido, cuestion\u00f3 la situaci\u00f3n que atraviesan los adultos mayores y reclam\u00f3 respuestas concretas por parte del Gobierno nacional.<\/p>\n\n\n\n<blockquote class=\"wp-block-quote is-layout-flow wp-block-quote-is-layout-flow\">\n<p class=\"wp-block-paragraph\">\u201cLos jubilados no pueden quedar en el medio de una discusi\u00f3n pol\u00edtica, ni esperar indefinidamente una respuesta. Hoy hay adultos mayores que no consiguen sus medicamentos; que no acceden a una atenci\u00f3n m\u00e9dica adecuada, que necesitan especialistas y que no encuentran respuestas para sus derivaciones. Esto tiene que resolverse\u201d, afirm\u00f3.<\/p>\n<\/blockquote>\n\n\n\n<h3 class=\"wp-block-heading\">Reclamo por la conducci\u00f3n de PAMI en Santa Cruz<\/h3>\n\n\n\n<p class=\"wp-block-paragraph\">Gadano tambi\u00e9n reclam\u00f3 que la delegaci\u00f3n local de PAMI vuelva a contar con <strong>un jefe con capacidad de gesti\u00f3n y conocimiento de las particularidades de Santa Cruz<\/strong>.<\/p>\n\n\n\n<blockquote class=\"wp-block-quote is-layout-flow wp-block-quote-is-layout-flow\">\n<p class=\"wp-block-paragraph\">\u201cHay situaciones que desde Buenos Aires no se conocen. En Santa Cruz muchas veces un jubilado necesita una derivaci\u00f3n, un tratamiento o un subsidio y para eso hace falta alguien en el territorio que pueda gestionar y dar respuestas\u201d, puntualiz\u00f3.<\/p>\n<\/blockquote>\n\n\n\n<p class=\"wp-block-paragraph\">La senadora remarc\u00f3 as\u00ed la necesidad de que los reclamos de los jubilados santacruce\u00f1os sean atendidos con respuestas concretas y con una mayor presencia de las autoridades de PAMI en el territorio.<\/p>\n","protected":false},"excerpt":{"rendered":"<p>Natalia Gadano acompa\u00f1\u00f3 este mi\u00e9rcoles a jubilados y vecinos que se concentraron frente a la delegaci\u00f3n de PAMI<\/p>\n","protected":false},"author":1,"featured_media":7554,"comment_status":"closed","ping_status":"closed","sticky":false,"template":"","format":"standard","meta":{"footnotes":""},"categories":[4],"tags":[],"class_list":["post-7553","post","type-post","status-publish","format-standard","has-post-thumbnail","hentry","category-politica"],"_links":{"self":[{"href":"https:\/\/notidiario24.com.ar\/portalweb\/wp-json\/wp\/v2\/posts\/7553","targetHints":{"allow":["GET"]}}],"collection":[{"href":"https:\/\/notidiario24.com.ar\/portalweb\/wp-json\/wp\/v2\/posts"}],"about":[{"href":"https:\/\/notidiario24.com.ar\/portalweb\/wp-json\/wp\/v2\/types\/post"}],"author":[{"embeddable":true,"href":"https:\/\/notidiario24.com.ar\/portalweb\/wp-json\/wp\/v2\/users\/1"}],"replies":[{"embeddable":true,"href":"https:\/\/notidiario24.com.ar\/portalweb\/wp-json\/wp\/v2\/comments?post=7553"}],"version-history":[{"count":1,"href":"https:\/\/notidiario24.com.ar\/portalweb\/wp-json\/wp\/v2\/posts\/7553\/revisions"}],"predecessor-version":[{"id":7555,"href":"https:\/\/notidiario24.com.ar\/portalweb\/wp-json\/wp\/v2\/posts\/7553\/revisions\/7555"}],"wp:featuredmedia":[{"embeddable":true,"href":"https:\/\/notidiario24.com.ar\/portalweb\/wp-json\/wp\/v2\/media\/7554"}],"wp:attachment":[{"href":"https:\/\/notidiario24.com.ar\/portalweb\/wp-json\/wp\/v2\/media?parent=7553"}],"wp:term":[{"taxonomy":"category","embeddable":true,"href":"https:\/\/notidiario24.com.ar\/portalweb\/wp-json\/wp\/v2\/categories?post=7553"},{"taxonomy":"post_tag","embeddable":true,"href":"https:\/\/notidiario24.com.ar\/portalweb\/wp-json\/wp\/v2\/tags?post=7553"}],"curies":[{"name":"wp","href":"https:\/\/api.w.org\/{rel}","templated":true}]}}