{"id":7550,"date":"2026-09-04T00:31:42","date_gmt":"2026-09-04T00:31:42","guid":{"rendered":"https:\/\/notidiario24.com.ar\/portalweb\/?p=7550"},"modified":"2026-09-04T00:31:42","modified_gmt":"2026-09-04T00:31:42","slug":"pami-en-crisis-lanesan-reclamo-respuestas-ante-el-deterioro-de-la-atencion-a-jubilados-en-santa-cruz","status":"publish","type":"post","link":"https:\/\/notidiario24.com.ar\/portalweb\/2026\/09\/04\/pami-en-crisis-lanesan-reclamo-respuestas-ante-el-deterioro-de-la-atencion-a-jubilados-en-santa-cruz\/","title":{"rendered":"PAMI en crisis: Lanesan reclam\u00f3 respuestas ante el deterioro de la atenci\u00f3n a jubilados en Santa Cruz"},"content":{"rendered":"\n<p class=\"wp-block-paragraph\"><em>La diputada nacional present\u00f3 un proyecto de resoluci\u00f3n para que el Congreso exprese su preocupaci\u00f3n por la falta de medicamentos, profesionales y cobertura m\u00e9dica en distintas localidades de la provincia. Tambi\u00e9n cuestion\u00f3 la falta de autoridades al frente de la agencia de Caleta Olivia.<\/em><\/p>\n\n\n\n<!--more-->\n\n\n\n<p class=\"wp-block-paragraph\">La situaci\u00f3n de los afiliados de <strong>PAMI en Santa Cruz<\/strong> volvi\u00f3 a quedar bajo la lupa. La diputada nacional <strong>Moira Lanesan Sancho<\/strong> present\u00f3 un proyecto de resoluci\u00f3n en la C\u00e1mara de Diputados de la Naci\u00f3n para reclamar respuestas ante las dificultades que atraviesan jubilados y pensionados de las zonas norte y centro de la provincia.<\/p>\n\n\n\n<p class=\"wp-block-paragraph\">La iniciativa apunta a visibilizar una serie de problemas que, seg\u00fan plantea el proyecto, afectan directamente el acceso a la atenci\u00f3n m\u00e9dica, la provisi\u00f3n de medicamentos y la disponibilidad de profesionales dentro de la cartilla de prestadores.<\/p>\n\n\n\n<p class=\"wp-block-paragraph\">Uno de los puntos que genera mayor preocupaci\u00f3n es la situaci\u00f3n de la <strong>Agencia PAMI de Caleta Olivia<\/strong>, que actualmente no cuenta con un jefe al frente. Para la legisladora, esta vacancia profundiza las dificultades de los afiliados y deja a los adultos mayores sin un interlocutor institucional capaz de resolver los reclamos cotidianos.<\/p>\n\n\n\n<p class=\"wp-block-paragraph\">La falta de una autoridad responsable tambi\u00e9n impactar\u00eda en cuestiones vinculadas con la autorizaci\u00f3n de medicamentos y la coordinaci\u00f3n con los prestadores de la regi\u00f3n.<\/p>\n\n\n\n<h3 class=\"wp-block-heading\"><strong>Reclamos que vienen acumul\u00e1ndose<\/strong><\/h3>\n\n\n\n<p class=\"wp-block-paragraph\">El planteo presentado en el Congreso recoge reclamos que ya hab\u00edan sido formalizados por distintas organizaciones de jubilados de la zona.<\/p>\n\n\n\n<p class=\"wp-block-paragraph\">Entre ellas se encuentran la <strong>Asociaci\u00f3n de Jubilados Petroleros Jer\u00e1rquicos y Privados<\/strong>, el Centro de Jubilados y Pensionados \u201cAlegr\u00eda de Vivir\u201d, el Centro de Jubilados y Pensionados de ATE de la Zona Centro y Norte, el Centro de Jubilados y Pensionados SUPE y la Asociaci\u00f3n Civil Centro de Jubilados y Pensionados Petroleros Privados de Santa Cruz.<\/p>\n\n\n\n<p class=\"wp-block-paragraph\">Los cuestionamientos tambi\u00e9n hab\u00edan llegado a la Legislatura provincial, que el 26 de agosto manifest\u00f3 su preocupaci\u00f3n por las dificultades prestacionales que atraviesan los afiliados de PAMI en Santa Cruz.<\/p>\n\n\n\n<h3 class=\"wp-block-heading\"><strong>Medicamentos, profesionales y cobertura<\/strong><\/h3>\n\n\n\n<p class=\"wp-block-paragraph\">El proyecto pone especialmente el foco en la falta o demora en el acceso a medicamentos y en las dificultades para conseguir profesionales disponibles en la cartilla.<\/p>\n\n\n\n<p class=\"wp-block-paragraph\">La situaci\u00f3n adquiere particular gravedad en el caso de los adultos mayores, quienes requieren tratamientos permanentes y controles m\u00e9dicos que no pueden quedar sujetos a demoras indefinidas.<\/p>\n\n\n\n<p class=\"wp-block-paragraph\">Lanesan sostuvo en los fundamentos de su iniciativa que la situaci\u00f3n sanitaria de los afiliados en la provincia resulta preocupante y reclam\u00f3 que PAMI garantice una atenci\u00f3n integral para quienes durante d\u00e9cadas realizaron sus aportes al sistema.<\/p>\n\n\n\n<p class=\"wp-block-paragraph\">El reclamo apunta ahora a las autoridades nacionales del organismo para que se adopten medidas concretas y se normalice el funcionamiento de las agencias y las prestaciones en Santa Cruz.<\/p>\n\n\n\n<h3 class=\"wp-block-heading\"><strong>Un reclamo que busca llegar al Congreso<\/strong><\/h3>\n\n\n\n<p class=\"wp-block-paragraph\">Con el proyecto, la diputada busca que la problem\u00e1tica deje de ser solamente un reclamo local y sea incorporada formalmente a la agenda del Congreso Nacional.<\/p>\n\n\n\n<p class=\"wp-block-paragraph\">Mientras tanto, jubilados y pensionados de distintas localidades de Santa Cruz contin\u00faan reclamando por una atenci\u00f3n m\u00e9dica que, seg\u00fan vienen denunciando sus organizaciones, presenta cada vez mayores dificultades.<\/p>\n\n\n\n<p class=\"wp-block-paragraph\"><strong>El pedido es concreto: medicamentos, profesionales, cobertura y una estructura institucional que funcione. Para los adultos mayores, esperar respuestas tambi\u00e9n tiene un costo.<\/strong><\/p>\n","protected":false},"excerpt":{"rendered":"<p>La diputada nacional present\u00f3 un proyecto de resoluci\u00f3n para que el Congreso exprese su preocupaci\u00f3n por la falta<\/p>\n","protected":false},"author":1,"featured_media":7551,"comment_status":"closed","ping_status":"closed","sticky":false,"template":"","format":"standard","meta":{"footnotes":""},"categories":[4],"tags":[],"class_list":["post-7550","post","type-post","status-publish","format-standard","has-post-thumbnail","hentry","category-politica"],"_links":{"self":[{"href":"https:\/\/notidiario24.com.ar\/portalweb\/wp-json\/wp\/v2\/posts\/7550","targetHints":{"allow":["GET"]}}],"collection":[{"href":"https:\/\/notidiario24.com.ar\/portalweb\/wp-json\/wp\/v2\/posts"}],"about":[{"href":"https:\/\/notidiario24.com.ar\/portalweb\/wp-json\/wp\/v2\/types\/post"}],"author":[{"embeddable":true,"href":"https:\/\/notidiario24.com.ar\/portalweb\/wp-json\/wp\/v2\/users\/1"}],"replies":[{"embeddable":true,"href":"https:\/\/notidiario24.com.ar\/portalweb\/wp-json\/wp\/v2\/comments?post=7550"}],"version-history":[{"count":1,"href":"https:\/\/notidiario24.com.ar\/portalweb\/wp-json\/wp\/v2\/posts\/7550\/revisions"}],"predecessor-version":[{"id":7552,"href":"https:\/\/notidiario24.com.ar\/portalweb\/wp-json\/wp\/v2\/posts\/7550\/revisions\/7552"}],"wp:featuredmedia":[{"embeddable":true,"href":"https:\/\/notidiario24.com.ar\/portalweb\/wp-json\/wp\/v2\/media\/7551"}],"wp:attachment":[{"href":"https:\/\/notidiario24.com.ar\/portalweb\/wp-json\/wp\/v2\/media?parent=7550"}],"wp:term":[{"taxonomy":"category","embeddable":true,"href":"https:\/\/notidiario24.com.ar\/portalweb\/wp-json\/wp\/v2\/categories?post=7550"},{"taxonomy":"post_tag","embeddable":true,"href":"https:\/\/notidiario24.com.ar\/portalweb\/wp-json\/wp\/v2\/tags?post=7550"}],"curies":[{"name":"wp","href":"https:\/\/api.w.org\/{rel}","templated":true}]}}