{"id":7545,"date":"2026-09-04T00:09:42","date_gmt":"2026-09-04T00:09:42","guid":{"rendered":"https:\/\/notidiario24.com.ar\/portalweb\/?p=7545"},"modified":"2026-09-04T00:11:28","modified_gmt":"2026-09-04T00:11:28","slug":"santacrucenos-del-viento-una-revista-que-transforma-el-cancionero-santacruceno-en-historias","status":"publish","type":"post","link":"https:\/\/notidiario24.com.ar\/portalweb\/2026\/09\/04\/santacrucenos-del-viento-una-revista-que-transforma-el-cancionero-santacruceno-en-historias\/","title":{"rendered":"\u201cSantacruce\u00f1os del Viento\u201d: una revista que transforma el cancionero santacruce\u00f1o en historias."},"content":{"rendered":"\n<p class=\"wp-block-paragraph\"><em>La publicaci\u00f3n combina m\u00fasica, historieta, identidad y memoria cultural. Un trabajo magnifico de autoria de Eduardo Guajardo e ilustrado pro Juancho Gim\u00e9nez. El proyecto fue editado por Zorro Colorado Producciones, editorial santacruce\u00f1a reconocida por su trabajo en la producci\u00f3n y edici\u00f3n de obras de autores y proyectos de la provincia y fue impresa en los talleres de la Imprenta Oficial.<\/em><\/p>\n\n\n\n<!--more-->\n\n\n\n<p class=\"wp-block-paragraph\">Este s\u00e1bado 5 de septiembre, en el marco de la Feria Provincial del Libro, se presentar\u00e1 oficialmente la revista \u201cSantacruce\u00f1os del Viento\u201d, una novedosa propuesta editorial que busca acercar la m\u00fasica y la identidad cultural de Santa Cruz a nuevos p\u00fablicos.<\/p>\n\n\n\n<p class=\"wp-block-paragraph\">La publicaci\u00f3n propone darle una nueva dimensi\u00f3n al tradicional cancionero santacruce\u00f1o, combinando canciones, historietas, ilustraciones, partituras y recursos audiovisuales en una misma obra.<\/p>\n\n\n\n<p class=\"wp-block-paragraph\">La propuesta toma cada canci\u00f3n como punto de partida para construir una historia visual. La historieta incorpora elementos vinculados con la historia, los paisajes y las experiencias propias de Santa Cruz, generando un di\u00e1logo entre la m\u00fasica y la identidad provincial.<\/p>\n\n\n\n<p class=\"wp-block-paragraph\">A la narrativa gr\u00e1fica se suman la letra y la partitura de cada canci\u00f3n, adem\u00e1s de c\u00f3digos QR que permiten acceder a los videoclips, integrando de esta manera el formato editorial tradicional con las nuevas herramientas digitales.<\/p>\n\n\n\n<p class=\"wp-block-paragraph\"><strong>Una edici\u00f3n con sello santacruce\u00f1o<\/strong><\/p>\n\n\n\n<p class=\"wp-block-paragraph\">Un aspecto destacado de esta publicaci\u00f3n es que el proyecto fue editado por Zorro Colorado Producciones, editorial santacruce\u00f1a reconocida por su trayectoria en la producci\u00f3n editorial y por acompa\u00f1ar proyectos vinculados con la cultura, la literatura y la identidad de Santa Cruz.<\/p>\n\n\n\n<p class=\"wp-block-paragraph\">La participaci\u00f3n de la editorial permiti\u00f3 llevar la propuesta al formato f\u00edsico, convirtiendo el trabajo art\u00edstico en una publicaci\u00f3n destinada a circular y permanecer como parte del patrimonio cultural y editorial de la provincia.<\/p>\n\n\n\n<p class=\"wp-block-paragraph\">De esta manera, \u201cSantacruce\u00f1os del Viento\u201d no solamente recupera canciones: tambi\u00e9n propone una nueva manera de leer, escuchar y mirar la cultura santacruce\u00f1a.<\/p>\n\n\n\n<p class=\"wp-block-paragraph\"><strong>M\u00fasica, historieta y memoria<\/strong><\/p>\n\n\n\n<p class=\"wp-block-paragraph\">El proyecto fue desarrollado junto a los artistas Eduardo Guajardo, autor de la canci\u00f3n \u00abSantacruce\u00f1os del viento\u00bb, primera obra de esta colecci\u00f3n y Juan \u00abJuancho\u00bb Gim\u00e9nez un reconocido ilustrador con amplia trayectoria, dise\u00f1ada por Mariana Mallada y colaboraciones del director de la editorial, Mauricio Rebolledo, esta es una iniciativa orientada a recuperar, preservar y difundir la producci\u00f3n musical de Santa Cruz.<\/p>\n\n\n\n<p class=\"wp-block-paragraph\">La publicaci\u00f3n busca especialmente generar un puente con las nuevas generaciones, utilizando el lenguaje de la historieta y la ilustraci\u00f3n para presentar obras del cancionero provincial desde una perspectiva diferente.<\/p>\n\n\n\n<p class=\"wp-block-paragraph\">La propuesta tambi\u00e9n se vincula con el repositorio digital de Santacruce\u00f1os del Viento, que re\u00fane actualmente 55 obras con letra, partitura y audio, poniendo a disposici\u00f3n material de la producci\u00f3n musical santacruce\u00f1a.<\/p>\n\n\n\n<p class=\"wp-block-paragraph\"><strong>La presentaci\u00f3n<\/strong><\/p>\n\n\n\n<p class=\"wp-block-paragraph\">La revista ser\u00e1 presentada este s\u00e1bado 5 de septiembre a las 20 horas, en la Sala de Historia del Complejo Cultural Santa Cruz, dentro de la programaci\u00f3n de la Feria Provincial del Libro.<\/p>\n\n\n\n<p class=\"wp-block-paragraph\">Con una propuesta que cruza m\u00fasica, ilustraci\u00f3n, historieta, tecnolog\u00eda y memoria, \u201cSantacruce\u00f1os del Viento\u201d llega al formato editorial para reivindicar una parte fundamental de la identidad cultural de la provincia.<\/p>\n","protected":false},"excerpt":{"rendered":"<p>La publicaci\u00f3n combina m\u00fasica, historieta, identidad y memoria cultural. Un trabajo magnifico de autoria de Eduardo Guajardo e<\/p>\n","protected":false},"author":1,"featured_media":7546,"comment_status":"closed","ping_status":"closed","sticky":false,"template":"","format":"standard","meta":{"footnotes":""},"categories":[3],"tags":[],"class_list":["post-7545","post","type-post","status-publish","format-standard","has-post-thumbnail","hentry","category-generales"],"_links":{"self":[{"href":"https:\/\/notidiario24.com.ar\/portalweb\/wp-json\/wp\/v2\/posts\/7545","targetHints":{"allow":["GET"]}}],"collection":[{"href":"https:\/\/notidiario24.com.ar\/portalweb\/wp-json\/wp\/v2\/posts"}],"about":[{"href":"https:\/\/notidiario24.com.ar\/portalweb\/wp-json\/wp\/v2\/types\/post"}],"author":[{"embeddable":true,"href":"https:\/\/notidiario24.com.ar\/portalweb\/wp-json\/wp\/v2\/users\/1"}],"replies":[{"embeddable":true,"href":"https:\/\/notidiario24.com.ar\/portalweb\/wp-json\/wp\/v2\/comments?post=7545"}],"version-history":[{"count":2,"href":"https:\/\/notidiario24.com.ar\/portalweb\/wp-json\/wp\/v2\/posts\/7545\/revisions"}],"predecessor-version":[{"id":7549,"href":"https:\/\/notidiario24.com.ar\/portalweb\/wp-json\/wp\/v2\/posts\/7545\/revisions\/7549"}],"wp:featuredmedia":[{"embeddable":true,"href":"https:\/\/notidiario24.com.ar\/portalweb\/wp-json\/wp\/v2\/media\/7546"}],"wp:attachment":[{"href":"https:\/\/notidiario24.com.ar\/portalweb\/wp-json\/wp\/v2\/media?parent=7545"}],"wp:term":[{"taxonomy":"category","embeddable":true,"href":"https:\/\/notidiario24.com.ar\/portalweb\/wp-json\/wp\/v2\/categories?post=7545"},{"taxonomy":"post_tag","embeddable":true,"href":"https:\/\/notidiario24.com.ar\/portalweb\/wp-json\/wp\/v2\/tags?post=7545"}],"curies":[{"name":"wp","href":"https:\/\/api.w.org\/{rel}","templated":true}]}}