{"id":7538,"date":"2026-09-01T18:56:55","date_gmt":"2026-09-01T18:56:55","guid":{"rendered":"https:\/\/notidiario24.com.ar\/portalweb\/?p=7538"},"modified":"2026-09-01T19:01:43","modified_gmt":"2026-09-01T19:01:43","slug":"ate-28-de-noviembre-en-crisis-trabajadores-cuestionan-a-neto-y-exigen-respuestas","status":"publish","type":"post","link":"https:\/\/notidiario24.com.ar\/portalweb\/2026\/09\/01\/ate-28-de-noviembre-en-crisis-trabajadores-cuestionan-a-neto-y-exigen-respuestas\/","title":{"rendered":"ATE 28 de Noviembre en crisis: trabajadores cuestionan a Neto y exigen respuestas"},"content":{"rendered":"\n<p class=\"wp-block-paragraph\"><em>Trabajadores municipales reunidos en asamblea pusieron en cuesti\u00f3n a la conducci\u00f3n de la Seccional y reclamaron la salida de la secretaria general, Gisel Neto. De fondo aparece un debate todav\u00eda m\u00e1s profundo: la independencia del sindicato frente a la patronal.<\/em><\/p>\n\n\n\n<!--more-->\n\n\n\n<p class=\"wp-block-paragraph\">La crisis interna de ATE 28 de Noviembre escal\u00f3 un nuevo pelda\u00f1o. Trabajadores municipales reunidos en asamblea expresaron fuertes cuestionamientos hacia la conducci\u00f3n encabezada por Gisel Neto y plantearon directamente la salida de la secretaria general, al considerar que no representa los intereses de los trabajadores.<\/p>\n\n\n\n<p class=\"wp-block-paragraph\">El planteo cobra fuerza porque surge desde los propios lugares de trabajo. Ya no se trata solamente de diferencias entre dirigentes: son trabajadores organizados quienes comenzaron a discutir abiertamente c\u00f3mo se conduce la Seccional y qu\u00e9 representaci\u00f3n encuentran en quienes hoy est\u00e1n al frente.<\/p>\n\n\n\n<p class=\"wp-block-paragraph\">Pero detr\u00e1s del conflicto aparece una discusi\u00f3n todav\u00eda m\u00e1s profunda para cualquier organizaci\u00f3n sindical: la independencia frente a la patronal.<\/p>\n\n\n\n<p class=\"wp-block-paragraph\">Sectores cr\u00edticos de la actual conducci\u00f3n vienen cuestionando sus v\u00ednculos pol\u00edticos con el poder local y sostienen que esa relaci\u00f3n tambi\u00e9n habr\u00eda tenido expresi\u00f3n durante el proceso electoral de la CTAA en 28 de Noviembre.<\/p>\n\n\n\n<p class=\"wp-block-paragraph\">Esos se\u00f1alamientos deber\u00e1n ser respaldados y discutidos con elementos concretos. Pero la pregunta pol\u00edtica que atraviesa el conflicto es inevitable: \u00bfpuede una organizaci\u00f3n sindical defender con independencia a los trabajadores si su conducci\u00f3n mantiene una relaci\u00f3n estrecha con quienes ejercen el poder patronal o pol\u00edtico?<\/p>\n\n\n\n<p class=\"wp-block-paragraph\">Un sindicato no est\u00e1 para disciplinar trabajadores ni para reemplazar las decisiones colectivas por resoluciones tomadas desde una oficina. Est\u00e1 para organizar, representar y defender a sus afiliados.<br>Por eso, cualquier sanci\u00f3n, suspensi\u00f3n o desplazamiento de integrantes de la organizaci\u00f3n debe realizarse respetando el Estatuto, los \u00f3rganos correspondientes y el derecho de defensa. Las diferencias internas no habilitan a inventar procedimientos.<br>Lo ocurrido entre los municipales puede convertirse as\u00ed en un punto de inflexi\u00f3n. Cuando son las propias bases las que empiezan a cuestionar a su conducci\u00f3n, el problema deja de poder resolverse puertas adentro.<\/p>\n\n\n\n<p class=\"wp-block-paragraph\">La discusi\u00f3n ya est\u00e1 abierta en ATE 28 de Noviembre. Y ahora ser\u00e1n los trabajadores quienes deber\u00e1n decidir qu\u00e9 sindicato quieren y qu\u00e9 conducci\u00f3n consideran capaz de representarlos.<\/p>\n","protected":false},"excerpt":{"rendered":"<p>Trabajadores municipales reunidos en asamblea pusieron en cuesti\u00f3n a la conducci\u00f3n de la Seccional y reclamaron la salida<\/p>\n","protected":false},"author":1,"featured_media":7539,"comment_status":"closed","ping_status":"closed","sticky":false,"template":"","format":"standard","meta":{"footnotes":""},"categories":[1,4],"tags":[],"class_list":["post-7538","post","type-post","status-publish","format-standard","has-post-thumbnail","hentry","category-gremiales","category-politica"],"_links":{"self":[{"href":"https:\/\/notidiario24.com.ar\/portalweb\/wp-json\/wp\/v2\/posts\/7538","targetHints":{"allow":["GET"]}}],"collection":[{"href":"https:\/\/notidiario24.com.ar\/portalweb\/wp-json\/wp\/v2\/posts"}],"about":[{"href":"https:\/\/notidiario24.com.ar\/portalweb\/wp-json\/wp\/v2\/types\/post"}],"author":[{"embeddable":true,"href":"https:\/\/notidiario24.com.ar\/portalweb\/wp-json\/wp\/v2\/users\/1"}],"replies":[{"embeddable":true,"href":"https:\/\/notidiario24.com.ar\/portalweb\/wp-json\/wp\/v2\/comments?post=7538"}],"version-history":[{"count":2,"href":"https:\/\/notidiario24.com.ar\/portalweb\/wp-json\/wp\/v2\/posts\/7538\/revisions"}],"predecessor-version":[{"id":7542,"href":"https:\/\/notidiario24.com.ar\/portalweb\/wp-json\/wp\/v2\/posts\/7538\/revisions\/7542"}],"wp:featuredmedia":[{"embeddable":true,"href":"https:\/\/notidiario24.com.ar\/portalweb\/wp-json\/wp\/v2\/media\/7539"}],"wp:attachment":[{"href":"https:\/\/notidiario24.com.ar\/portalweb\/wp-json\/wp\/v2\/media?parent=7538"}],"wp:term":[{"taxonomy":"category","embeddable":true,"href":"https:\/\/notidiario24.com.ar\/portalweb\/wp-json\/wp\/v2\/categories?post=7538"},{"taxonomy":"post_tag","embeddable":true,"href":"https:\/\/notidiario24.com.ar\/portalweb\/wp-json\/wp\/v2\/tags?post=7538"}],"curies":[{"name":"wp","href":"https:\/\/api.w.org\/{rel}","templated":true}]}}