{"id":7533,"date":"2026-09-01T15:58:26","date_gmt":"2026-09-01T15:58:26","guid":{"rendered":"https:\/\/notidiario24.com.ar\/portalweb\/?p=7533"},"modified":"2026-09-01T15:58:27","modified_gmt":"2026-09-01T15:58:27","slug":"silvina-juarez-represento-a-santa-cruz-en-el-primer-encuentro-nacional-de-unidades-de-apoyo-del-instituto-universitario-river-plate","status":"publish","type":"post","link":"https:\/\/notidiario24.com.ar\/portalweb\/2026\/09\/01\/silvina-juarez-represento-a-santa-cruz-en-el-primer-encuentro-nacional-de-unidades-de-apoyo-del-instituto-universitario-river-plate\/","title":{"rendered":"Silvina Ju\u00e1rez represent\u00f3 a Santa Cruz en el primer Encuentro Nacional de Unidades de Apoyo del Instituto Universitario River Plate"},"content":{"rendered":"\n<p class=\"wp-block-paragraph\"><em>La secretaria de Deportes particip\u00f3 de una jornada que reuni\u00f3 a referentes de todo el pa\u00eds y que busca fortalecer la oferta acad\u00e9mica vinculada al deporte. La sede del IURP en R\u00edo Gallegos abre nuevas posibilidades para estudiar sin tener que emigrar de la provincia.<\/em><\/p>\n\n\n\n<!--more-->\n\n\n\n<p class=\"wp-block-paragraph\"><strong>BUENOS AIRES.<\/strong> \u2013 La secretaria de Deportes de Santa Cruz, <strong>Lic. Silvina Ju\u00e1rez<\/strong>, particip\u00f3 del <strong>Primer Encuentro Nacional de Unidades de Apoyo (UDAs) del Instituto Universitario River Plate (IURP)<\/strong>, desarrollado los d\u00edas 24 y 25 de agosto en las instalaciones del Estadio M\u00e2s Monumental, en Buenos Aires.<\/p>\n\n\n\n<p class=\"wp-block-paragraph\">El encuentro reuni\u00f3 a autoridades, secretarios, subsecretarios, coordinadores y referentes de las distintas Unidades de Apoyo Acad\u00e9mico que el Instituto posee en diferentes puntos del pa\u00eds, con el objetivo de compartir experiencias, fortalecer el trabajo territorial y avanzar en nuevas propuestas de formaci\u00f3n.<\/p>\n\n\n\n<p class=\"wp-block-paragraph\">La participaci\u00f3n de Santa Cruz tuvo como uno de sus principales ejes <strong>poner en valor el trabajo que se viene desarrollando desde R\u00edo Gallegos y proyectar nuevas alternativas acad\u00e9micas vinculadas al deporte para la provincia.<\/strong><\/p>\n\n\n\n<figure class=\"wp-block-image size-large\"><img loading=\"lazy\" decoding=\"async\" width=\"1024\" height=\"768\" src=\"https:\/\/notidiario24.com.ar\/portalweb\/wp-content\/uploads\/2026\/09\/WhatsApp-Image-2026-09-01-at-12.45.13-1024x768.jpeg\" alt=\"\" class=\"wp-image-7536\" srcset=\"https:\/\/notidiario24.com.ar\/portalweb\/wp-content\/uploads\/2026\/09\/WhatsApp-Image-2026-09-01-at-12.45.13-1024x768.jpeg 1024w, https:\/\/notidiario24.com.ar\/portalweb\/wp-content\/uploads\/2026\/09\/WhatsApp-Image-2026-09-01-at-12.45.13-300x225.jpeg 300w, https:\/\/notidiario24.com.ar\/portalweb\/wp-content\/uploads\/2026\/09\/WhatsApp-Image-2026-09-01-at-12.45.13-768x576.jpeg 768w, https:\/\/notidiario24.com.ar\/portalweb\/wp-content\/uploads\/2026\/09\/WhatsApp-Image-2026-09-01-at-12.45.13.jpeg 1280w\" sizes=\"auto, (max-width: 1024px) 100vw, 1024px\" \/><\/figure>\n\n\n\n<h3 class=\"wp-block-heading\">Estudiar en Santa Cruz, una oportunidad que crece<\/h3>\n\n\n\n<p class=\"wp-block-paragraph\">Uno de los aspectos m\u00e1s importantes de esta iniciativa es la posibilidad que actualmente tienen los santacruce\u00f1os de <strong>acceder a una formaci\u00f3n universitaria vinculada al deporte desde R\u00edo Gallegos<\/strong>, sin la necesidad de trasladarse a Buenos Aires u otras ciudades del pa\u00eds.<\/p>\n\n\n\n<p class=\"wp-block-paragraph\">La presencia del IURP en la capital santacruce\u00f1a representa una oportunidad especialmente significativa para los j\u00f3venes que desean iniciar una carrera universitaria pero que muchas veces se encuentran con una dificultad concreta: <strong>los elevados costos que implica vivir y estudiar fuera de la provincia.<\/strong><\/p>\n\n\n\n<p class=\"wp-block-paragraph\">Alquiler, alimentaci\u00f3n, transporte y dem\u00e1s gastos cotidianos pueden convertirse en una barrera para muchas familias. Por eso, contar con propuestas universitarias que puedan cursarse desde Santa Cruz permite ampliar las posibilidades de acceso a la educaci\u00f3n superior y evitar que estudiar una carrera implique necesariamente alejarse del hogar.<\/p>\n\n\n\n<p class=\"wp-block-paragraph\">Esta posibilidad tambi\u00e9n alcanza especialmente a los propios vecinos de R\u00edo Gallegos, quienes cuentan ahora con una alternativa de formaci\u00f3n universitaria en su propia ciudad.<\/p>\n\n\n\n<h3 class=\"wp-block-heading\">M\u00e1s carreras y m\u00e1s oportunidades<\/h3>\n\n\n\n<p class=\"wp-block-paragraph\">Durante el encuentro se trabaj\u00f3 adem\u00e1s sobre la posibilidad de <strong>ampliar el abanico de carreras y propuestas acad\u00e9micas a distancia<\/strong>, particularmente aquellas relacionadas con el deporte.<\/p>\n\n\n\n<p class=\"wp-block-paragraph\">La intenci\u00f3n es continuar articulando con el Instituto Universitario River Plate y con las distintas UDAs del pa\u00eds para intercambiar experiencias y generar nuevas herramientas que permitan que cada vez m\u00e1s santacruce\u00f1os puedan acceder a una formaci\u00f3n profesional de calidad.<\/p>\n\n\n\n<p class=\"wp-block-paragraph\">En este sentido, la participaci\u00f3n de Silvina Ju\u00e1rez permiti\u00f3 llevar la experiencia de Santa Cruz a una mesa de trabajo federal y, al mismo tiempo, conocer iniciativas que se desarrollan en otras provincias para fortalecer la educaci\u00f3n vinculada al deporte.<\/p>\n\n\n\n<figure class=\"wp-block-image size-large\"><img loading=\"lazy\" decoding=\"async\" width=\"1024\" height=\"768\" src=\"https:\/\/notidiario24.com.ar\/portalweb\/wp-content\/uploads\/2026\/09\/WhatsApp-Image-2026-09-01-at-12.45sss.13-1024x768.jpeg\" alt=\"\" class=\"wp-image-7535\" srcset=\"https:\/\/notidiario24.com.ar\/portalweb\/wp-content\/uploads\/2026\/09\/WhatsApp-Image-2026-09-01-at-12.45sss.13-1024x768.jpeg 1024w, https:\/\/notidiario24.com.ar\/portalweb\/wp-content\/uploads\/2026\/09\/WhatsApp-Image-2026-09-01-at-12.45sss.13-300x225.jpeg 300w, https:\/\/notidiario24.com.ar\/portalweb\/wp-content\/uploads\/2026\/09\/WhatsApp-Image-2026-09-01-at-12.45sss.13-768x576.jpeg 768w, https:\/\/notidiario24.com.ar\/portalweb\/wp-content\/uploads\/2026\/09\/WhatsApp-Image-2026-09-01-at-12.45sss.13.jpeg 1280w\" sizes=\"auto, (max-width: 1024px) 100vw, 1024px\" \/><\/figure>\n\n\n\n<h3 class=\"wp-block-heading\">Una red federal que acerca la universidad<\/h3>\n\n\n\n<p class=\"wp-block-paragraph\">El encuentro cont\u00f3 con la presencia del rector del Instituto Universitario River Plate, <strong>Lic. Marcelo Hern\u00e1ndez<\/strong>; el responsable de las Unidades de Apoyo Acad\u00e9mico, <strong>Prof. Pablo Cobi\u00e1n<\/strong>; y el presidente de la Fundaci\u00f3n Instituto Universitario River Plate, <strong>Lic. Federico Aurelio<\/strong>, adem\u00e1s de los referentes de las distintas unidades del pa\u00eds.<\/p>\n\n\n\n<p class=\"wp-block-paragraph\">A lo largo de las dos jornadas se desarrollaron exposiciones sobre educaci\u00f3n y deporte, Periodismo Deportivo, extensi\u00f3n universitaria, liderazgo, comunicaci\u00f3n institucional, inclusi\u00f3n y accesibilidad educativa, investigaci\u00f3n y econom\u00eda y administraci\u00f3n del deporte.<\/p>\n\n\n\n<p class=\"wp-block-paragraph\">Tambi\u00e9n se realiz\u00f3 un recorrido institucional por las instalaciones del Club Atl\u00e9tico River Plate y el Estadio M\u00e2s Monumental.<\/p>\n\n\n\n<p class=\"wp-block-paragraph\">La primera edici\u00f3n del Encuentro Nacional de UDAs permiti\u00f3 as\u00ed <strong>consolidar una red federal orientada a acercar la universidad a distintos puntos de la Argentina<\/strong>.<\/p>\n\n\n\n<p class=\"wp-block-paragraph\">Para Santa Cruz, el desaf\u00edo es continuar avanzando en esa direcci\u00f3n: <strong>generar nuevas oportunidades acad\u00e9micas, ampliar la oferta de carreras y lograr que los j\u00f3venes y adultos de la provincia puedan formarse profesionalmente sin que estudiar implique necesariamente abandonar su lugar de origen.<\/strong><\/p>\n\n\n\n<p class=\"wp-block-paragraph\">La presencia de la Unidad de Apoyo del IURP en R\u00edo Gallegos se convierte, de esta manera, en una herramienta concreta para acercar la educaci\u00f3n universitaria a los santacruce\u00f1os y, especialmente, para fortalecer la formaci\u00f3n de profesionales vinculados al deporte dentro de la propia provincia.<\/p>\n","protected":false},"excerpt":{"rendered":"<p>La secretaria de Deportes particip\u00f3 de una jornada que reuni\u00f3 a referentes de todo el pa\u00eds y que<\/p>\n","protected":false},"author":1,"featured_media":7534,"comment_status":"closed","ping_status":"closed","sticky":false,"template":"","format":"standard","meta":{"footnotes":""},"categories":[1],"tags":[],"class_list":["post-7533","post","type-post","status-publish","format-standard","has-post-thumbnail","hentry","category-gremiales"],"_links":{"self":[{"href":"https:\/\/notidiario24.com.ar\/portalweb\/wp-json\/wp\/v2\/posts\/7533","targetHints":{"allow":["GET"]}}],"collection":[{"href":"https:\/\/notidiario24.com.ar\/portalweb\/wp-json\/wp\/v2\/posts"}],"about":[{"href":"https:\/\/notidiario24.com.ar\/portalweb\/wp-json\/wp\/v2\/types\/post"}],"author":[{"embeddable":true,"href":"https:\/\/notidiario24.com.ar\/portalweb\/wp-json\/wp\/v2\/users\/1"}],"replies":[{"embeddable":true,"href":"https:\/\/notidiario24.com.ar\/portalweb\/wp-json\/wp\/v2\/comments?post=7533"}],"version-history":[{"count":1,"href":"https:\/\/notidiario24.com.ar\/portalweb\/wp-json\/wp\/v2\/posts\/7533\/revisions"}],"predecessor-version":[{"id":7537,"href":"https:\/\/notidiario24.com.ar\/portalweb\/wp-json\/wp\/v2\/posts\/7533\/revisions\/7537"}],"wp:featuredmedia":[{"embeddable":true,"href":"https:\/\/notidiario24.com.ar\/portalweb\/wp-json\/wp\/v2\/media\/7534"}],"wp:attachment":[{"href":"https:\/\/notidiario24.com.ar\/portalweb\/wp-json\/wp\/v2\/media?parent=7533"}],"wp:term":[{"taxonomy":"category","embeddable":true,"href":"https:\/\/notidiario24.com.ar\/portalweb\/wp-json\/wp\/v2\/categories?post=7533"},{"taxonomy":"post_tag","embeddable":true,"href":"https:\/\/notidiario24.com.ar\/portalweb\/wp-json\/wp\/v2\/tags?post=7533"}],"curies":[{"name":"wp","href":"https:\/\/api.w.org\/{rel}","templated":true}]}}