{"id":7530,"date":"2026-09-01T13:17:24","date_gmt":"2026-09-01T13:17:24","guid":{"rendered":"https:\/\/notidiario24.com.ar\/portalweb\/?p=7530"},"modified":"2026-09-01T13:17:24","modified_gmt":"2026-09-01T13:17:24","slug":"noah-tiene-9-meses-necesita-una-biopsia-urgente-y-su-familia-denuncia-que-no-tiene-cobertura-medica-en-la-css","status":"publish","type":"post","link":"https:\/\/notidiario24.com.ar\/portalweb\/2026\/09\/01\/noah-tiene-9-meses-necesita-una-biopsia-urgente-y-su-familia-denuncia-que-no-tiene-cobertura-medica-en-la-css\/","title":{"rendered":"Noah tiene 9 meses, necesita una biopsia urgente y su familia denuncia que no tiene cobertura m\u00e9dica en la CSS"},"content":{"rendered":"\n<p class=\"wp-block-paragraph\"><em>La familia atraviesa una situaci\u00f3n desesperante ante la necesidad de operar al beb\u00e9 para analizar una masa que, seg\u00fan relatan, crece r\u00e1pidamente. Aseguran que no pudieron acceder al Plan Nacer ni incorporar al ni\u00f1o a la Caja de Servicios Sociales y lanzaron una colecta para afrontar los gastos de la derivaci\u00f3n.<\/em><\/p>\n\n\n\n<!--more-->\n\n\n\n<p class=\"wp-block-paragraph\">Una familia de Perito Moreno atraviesa horas de enorme preocupaci\u00f3n por la salud de Noah, un beb\u00e9 de apenas 9 meses que debe ser sometido a una intervenci\u00f3n quir\u00fargica para realizar una biopsia de una masa que, seg\u00fan el relato de sus padres, presenta un crecimiento acelerado.<\/p>\n\n\n\n<p class=\"wp-block-paragraph\">La situaci\u00f3n se vuelve todav\u00eda m\u00e1s compleja debido a que el ni\u00f1o no cuenta con cobertura m\u00e9dica. Su familia asegura que desde su nacimiento no ha tenido obra social y que actualmente se encuentran con dificultades para acceder a una cobertura que permita garantizar la atenci\u00f3n integral que necesita.<\/p>\n\n\n\n<p class=\"wp-block-paragraph\">Seg\u00fan explic\u00f3 Nadir, padre de Noah, intentaron acceder al Plan Nacer, pero no pudieron completar el tr\u00e1mite debido a que la madre del beb\u00e9 es empleada municipal y cuenta con obra social, situaci\u00f3n que \u2014seg\u00fan les explicaron\u2014 impide obtener la negativa de ANSES requerida.<\/p>\n\n\n\n<p class=\"wp-block-paragraph\">Al mismo tiempo, la familia asegura que tampoco pudo incorporar al peque\u00f1o como afiliado a la Caja de Servicios Sociales. Seg\u00fan la informaci\u00f3n que recibieron, existir\u00eda una deuda del municipio con la obra social provincial y, debido a esa situaci\u00f3n, no se estar\u00edan realizando nuevas altas de empleados municipales ni de sus grupos familiares.<\/p>\n\n\n\n<h3 class=\"wp-block-heading\">Una derivaci\u00f3n que genera enormes gastos<\/h3>\n\n\n\n<p class=\"wp-block-paragraph\">Ante la urgencia m\u00e9dica, la familia logr\u00f3 gestionar un carnet hospitalario con el acompa\u00f1amiento del director del Hospital, Dr. Tomalino.<\/p>\n\n\n\n<p class=\"wp-block-paragraph\">De acuerdo con lo explicado por Nadir, este mecanismo permitir\u00eda cubrir la cirug\u00eda y la participaci\u00f3n del anestesista pedi\u00e1trico. Sin embargo, una importante cantidad de gastos quedar\u00eda a cargo de la familia.<\/p>\n\n\n\n<p class=\"wp-block-paragraph\">Entre ellos se encuentran los medicamentos, alojamiento, alimentaci\u00f3n, agua mineral y el an\u00e1lisis de la muestra obtenida durante la biopsia en un laboratorio especializado.<\/p>\n\n\n\n<p class=\"wp-block-paragraph\">\u201cYo perd\u00ed mi trabajo hace un mes y se me hace muy complicado cubrir todos los gastos que implica una derivaci\u00f3n\u201d, explic\u00f3 el padre.<\/p>\n\n\n\n<p class=\"wp-block-paragraph\">La familia tambi\u00e9n se\u00f1al\u00f3 que, durante la permanencia fuera de Perito Moreno, deber\u00e1 afrontar gastos vinculados al alojamiento y la alimentaci\u00f3n, adem\u00e1s de otros costos relacionados con el tratamiento de Noah.<\/p>\n\n\n\n<h3 class=\"wp-block-heading\">Reclaman una respuesta de la obra social<\/h3>\n\n\n\n<p class=\"wp-block-paragraph\">La familia tambi\u00e9n destac\u00f3 el acompa\u00f1amiento de las concejales Valeria Garc\u00eda y Pamela Pesoa, quienes, seg\u00fan se\u00f1alaron, vienen realizando gestiones para intentar que la Caja de Servicios Sociales reconozca la cobertura del beb\u00e9.<\/p>\n\n\n\n<p class=\"wp-block-paragraph\">El reclamo apunta a encontrar una soluci\u00f3n que permita garantizar la atenci\u00f3n m\u00e9dica que Noah necesita en un momento considerado cr\u00edtico por sus familiares.<\/p>\n\n\n\n<p class=\"wp-block-paragraph\">\u201cEst\u00e1n vulnerando la salud de mi hijo\u201d, expres\u00f3 Nadir al describir la situaci\u00f3n que atraviesan.<\/p>\n\n\n\n<p class=\"wp-block-paragraph\">La familia busca ahora respuestas urgentes para evitar que las dificultades administrativas y econ\u00f3micas se conviertan en un obst\u00e1culo para el tratamiento del beb\u00e9.<\/p>\n\n\n\n<h3 class=\"wp-block-heading\">Lanzaron una colecta<\/h3>\n\n\n\n<p class=\"wp-block-paragraph\">Ante la necesidad de afrontar los gastos de la derivaci\u00f3n, la familia decidi\u00f3 iniciar una colecta solidaria.<\/p>\n\n\n\n<p class=\"wp-block-paragraph\">Nadir tambi\u00e9n manifest\u00f3 su disposici\u00f3n a realizar trabajos ocasionales o \u201cchangas\u201d hasta el momento del viaje para poder reunir recursos.<\/p>\n\n\n\n<p class=\"wp-block-paragraph\">Asimismo, solicitaron la colaboraci\u00f3n de profesionales del derecho que puedan orientarlos para evaluar la posibilidad de presentar un recurso de amparo destinado a garantizar la atenci\u00f3n y cobertura m\u00e9dica de Noah.<\/p>\n\n\n\n<p class=\"wp-block-paragraph\">La familia aclar\u00f3 que <strong>la \u00fanica cuenta habilitada para recibir ayuda ser\u00e1 la proporcionada directamente por ellos<\/strong>, con el objetivo de evitar confusiones o posibles situaciones de fraude.<\/p>\n\n\n\n<p class=\"wp-block-paragraph\">Mientras aguardan definiciones, el pedido es concreto: que Noah pueda acceder cuanto antes a la atenci\u00f3n que necesita y que su familia no tenga que enfrentar sola los costos de una situaci\u00f3n que, con apenas nueve meses de vida, ya los puso frente a una enorme incertidumbre.<\/p>\n","protected":false},"excerpt":{"rendered":"<p>La familia atraviesa una situaci\u00f3n desesperante ante la necesidad de operar al beb\u00e9 para analizar una masa que,<\/p>\n","protected":false},"author":1,"featured_media":7531,"comment_status":"closed","ping_status":"closed","sticky":false,"template":"","format":"standard","meta":{"footnotes":""},"categories":[3],"tags":[],"class_list":["post-7530","post","type-post","status-publish","format-standard","has-post-thumbnail","hentry","category-generales"],"_links":{"self":[{"href":"https:\/\/notidiario24.com.ar\/portalweb\/wp-json\/wp\/v2\/posts\/7530","targetHints":{"allow":["GET"]}}],"collection":[{"href":"https:\/\/notidiario24.com.ar\/portalweb\/wp-json\/wp\/v2\/posts"}],"about":[{"href":"https:\/\/notidiario24.com.ar\/portalweb\/wp-json\/wp\/v2\/types\/post"}],"author":[{"embeddable":true,"href":"https:\/\/notidiario24.com.ar\/portalweb\/wp-json\/wp\/v2\/users\/1"}],"replies":[{"embeddable":true,"href":"https:\/\/notidiario24.com.ar\/portalweb\/wp-json\/wp\/v2\/comments?post=7530"}],"version-history":[{"count":1,"href":"https:\/\/notidiario24.com.ar\/portalweb\/wp-json\/wp\/v2\/posts\/7530\/revisions"}],"predecessor-version":[{"id":7532,"href":"https:\/\/notidiario24.com.ar\/portalweb\/wp-json\/wp\/v2\/posts\/7530\/revisions\/7532"}],"wp:featuredmedia":[{"embeddable":true,"href":"https:\/\/notidiario24.com.ar\/portalweb\/wp-json\/wp\/v2\/media\/7531"}],"wp:attachment":[{"href":"https:\/\/notidiario24.com.ar\/portalweb\/wp-json\/wp\/v2\/media?parent=7530"}],"wp:term":[{"taxonomy":"category","embeddable":true,"href":"https:\/\/notidiario24.com.ar\/portalweb\/wp-json\/wp\/v2\/categories?post=7530"},{"taxonomy":"post_tag","embeddable":true,"href":"https:\/\/notidiario24.com.ar\/portalweb\/wp-json\/wp\/v2\/tags?post=7530"}],"curies":[{"name":"wp","href":"https:\/\/api.w.org\/{rel}","templated":true}]}}