{"id":7527,"date":"2026-08-31T01:56:34","date_gmt":"2026-08-31T01:56:34","guid":{"rendered":"https:\/\/notidiario24.com.ar\/portalweb\/?p=7527"},"modified":"2026-08-31T01:56:35","modified_gmt":"2026-08-31T01:56:35","slug":"con-cientos-de-familias-un-gran-show-y-sorteos-el-municipio-celebro-el-mes-de-las-infancias","status":"publish","type":"post","link":"https:\/\/notidiario24.com.ar\/portalweb\/2026\/08\/31\/con-cientos-de-familias-un-gran-show-y-sorteos-el-municipio-celebro-el-mes-de-las-infancias\/","title":{"rendered":"Con cientos de familias, un gran show y sorteos, el Municipio celebr\u00f3 el Mes de las Infancias"},"content":{"rendered":"\n<p class=\"wp-block-paragraph\"><em>Ni\u00f1os y ni\u00f1as, junto a sus familias, colmaron este domingo el Gimnasio Municipal Eva Per\u00f3n durante la celebraci\u00f3n organizada por la Municipalidad de R\u00edo Gallegos. La jornada tuvo como principales atractivos los espect\u00e1culos de \u201cCantando con Adriana\u201d y \u201cBailando con Julieta\u201d, adem\u00e1s de importantes sorteos y propuestas para disfrutar en familia.<\/em><\/p>\n\n\n\n<!--more-->\n\n\n\n<p class=\"wp-block-paragraph\">Desde las 15 horas, el gimnasio ubicado en las calles 38 y 41 recibi\u00f3 a familias de distintos barrios de la ciudad, entre ellos Bicentenario, Santa Cruz, San Benito y Ayres Argentinos, que se acercaron para compartir una tarde especialmente pensada para los m\u00e1s chicos.<\/p>\n\n\n\n<p class=\"wp-block-paragraph\">El intendente de R\u00edo Gallegos, Pablo Grasso, estuvo presente junto a su par de Tolhuin, Daniel Harrington, acompa\u00f1ando la propuesta municipal. Ambos participaron de las actividades sobre el escenario, jugaron con los ni\u00f1os y compartieron un momento distendido con las familias.<\/p>\n\n\n\n<h2 class=\"wp-block-heading\">Adriana y Julieta hicieron bailar a grandes y chicos<\/h2>\n\n\n\n<p class=\"wp-block-paragraph\">La m\u00fasica fue una de las grandes protagonistas de la tarde. \u201cCantando con Adriana\u201d y \u201cBailando con Julieta\u201d ofrecieron un espect\u00e1culo colorido, con canciones infantiles que atraviesan generaciones y que permitieron que grandes y chicos se sumaran cantando y bailando.<\/p>\n\n\n\n<p class=\"wp-block-paragraph\">El repertorio incluy\u00f3 cl\u00e1sicos de la inolvidable Mar\u00eda Elena Walsh, junto con otras canciones especialmente seleccionadas para el p\u00fablico infantil. La presentaci\u00f3n gener\u00f3 uno de los momentos m\u00e1s celebrados de la jornada y convoc\u00f3 la participaci\u00f3n de todo el gimnasio.<\/p>\n\n\n\n<p class=\"wp-block-paragraph\">La expectativa tambi\u00e9n estuvo puesta en los sorteos, que ofrecieron importantes premios para los presentes. Entre ellos se destacaron varias PlayStation 5, bicicletas, auriculares y parlantes, adem\u00e1s de otros regalos que fueron entregados durante la celebraci\u00f3n.<\/p>\n\n\n\n<p class=\"wp-block-paragraph\">Cada sorteo despert\u00f3 la expectativa de los chicos y sum\u00f3 emoci\u00f3n a una tarde que cont\u00f3 con m\u00faltiples propuestas recreativas.<\/p>\n\n\n\n<p class=\"wp-block-paragraph\">La jornada se complet\u00f3 con castillos inflables, juegos, golosinas y merienda, que incluy\u00f3 panchos, chocolates y distintas opciones para compartir en familia.<\/p>\n\n\n\n<p class=\"wp-block-paragraph\">De esta manera, el Municipio cerr\u00f3 las actividades del Mes de las Infancias con una propuesta libre y gratuita, que combin\u00f3 m\u00fasica, entretenimiento, juegos y regalos para disfrutar junto a las familias de la ciudad.<\/p>\n","protected":false},"excerpt":{"rendered":"<p>Ni\u00f1os y ni\u00f1as, junto a sus familias, colmaron este domingo el Gimnasio Municipal Eva Per\u00f3n durante la celebraci\u00f3n<\/p>\n","protected":false},"author":1,"featured_media":7528,"comment_status":"closed","ping_status":"closed","sticky":false,"template":"","format":"standard","meta":{"footnotes":""},"categories":[3,4],"tags":[],"class_list":["post-7527","post","type-post","status-publish","format-standard","has-post-thumbnail","hentry","category-generales","category-politica"],"_links":{"self":[{"href":"https:\/\/notidiario24.com.ar\/portalweb\/wp-json\/wp\/v2\/posts\/7527","targetHints":{"allow":["GET"]}}],"collection":[{"href":"https:\/\/notidiario24.com.ar\/portalweb\/wp-json\/wp\/v2\/posts"}],"about":[{"href":"https:\/\/notidiario24.com.ar\/portalweb\/wp-json\/wp\/v2\/types\/post"}],"author":[{"embeddable":true,"href":"https:\/\/notidiario24.com.ar\/portalweb\/wp-json\/wp\/v2\/users\/1"}],"replies":[{"embeddable":true,"href":"https:\/\/notidiario24.com.ar\/portalweb\/wp-json\/wp\/v2\/comments?post=7527"}],"version-history":[{"count":1,"href":"https:\/\/notidiario24.com.ar\/portalweb\/wp-json\/wp\/v2\/posts\/7527\/revisions"}],"predecessor-version":[{"id":7529,"href":"https:\/\/notidiario24.com.ar\/portalweb\/wp-json\/wp\/v2\/posts\/7527\/revisions\/7529"}],"wp:featuredmedia":[{"embeddable":true,"href":"https:\/\/notidiario24.com.ar\/portalweb\/wp-json\/wp\/v2\/media\/7528"}],"wp:attachment":[{"href":"https:\/\/notidiario24.com.ar\/portalweb\/wp-json\/wp\/v2\/media?parent=7527"}],"wp:term":[{"taxonomy":"category","embeddable":true,"href":"https:\/\/notidiario24.com.ar\/portalweb\/wp-json\/wp\/v2\/categories?post=7527"},{"taxonomy":"post_tag","embeddable":true,"href":"https:\/\/notidiario24.com.ar\/portalweb\/wp-json\/wp\/v2\/tags?post=7527"}],"curies":[{"name":"wp","href":"https:\/\/api.w.org\/{rel}","templated":true}]}}