{"id":7506,"date":"2026-08-29T21:18:14","date_gmt":"2026-08-29T21:18:14","guid":{"rendered":"https:\/\/notidiario24.com.ar\/portalweb\/?p=7506"},"modified":"2026-08-29T21:18:14","modified_gmt":"2026-08-29T21:18:14","slug":"pami-gadano-y-aparicio-recibieron-a-jubilados-y-cuestionaron-la-ausencia-de-guzman","status":"publish","type":"post","link":"https:\/\/notidiario24.com.ar\/portalweb\/2026\/08\/29\/pami-gadano-y-aparicio-recibieron-a-jubilados-y-cuestionaron-la-ausencia-de-guzman\/","title":{"rendered":"PAMI: Gadano y Aparicio recibieron a jubilados y cuestionaron la ausencia de Guzm\u00e1n"},"content":{"rendered":"\n<p class=\"wp-block-paragraph\"><em>Los referentes pol\u00edticos se reunieron con afiliados de Caleta Olivia que reclaman por la falta de medicamentos, tratamientos y atenci\u00f3n. Tambi\u00e9n cuestionaron al diputado nacional de La Libertad Avanza, Jairo Guzm\u00e1n, por no presentarse ante los jubilados.<\/em><\/p>\n\n\n\n<!--more-->\n\n\n\n<p class=\"wp-block-paragraph\">La situaci\u00f3n de los afiliados al <strong>PAMI<\/strong> volvi\u00f3 a ocupar el centro de la agenda en Caleta Olivia. Un grupo de jubilados se reuni\u00f3 con la senadora nacional <strong>Natalia Gadano<\/strong> y el concejal <strong>Carlos Aparicio<\/strong>, quienes escucharon los reclamos vinculados con la falta de medicamentos, tratamientos y dificultades para acceder a prestaciones m\u00e9dicas.<\/p>\n\n\n\n<p class=\"wp-block-paragraph\">El encuentro se produjo a partir de un pedido de los centros de jubilados de la localidad, en un contexto de fuertes cuestionamientos al funcionamiento de la obra social de los adultos mayores.<\/p>\n\n\n\n<figure class=\"wp-block-image size-large\"><img loading=\"lazy\" decoding=\"async\" width=\"1024\" height=\"768\" src=\"https:\/\/notidiario24.com.ar\/portalweb\/wp-content\/uploads\/2026\/08\/WhatsApp-Image-2026-08-28-at-20.57.01-1024x768.jpeg\" alt=\"\" class=\"wp-image-7508\" srcset=\"https:\/\/notidiario24.com.ar\/portalweb\/wp-content\/uploads\/2026\/08\/WhatsApp-Image-2026-08-28-at-20.57.01-1024x768.jpeg 1024w, https:\/\/notidiario24.com.ar\/portalweb\/wp-content\/uploads\/2026\/08\/WhatsApp-Image-2026-08-28-at-20.57.01-300x225.jpeg 300w, https:\/\/notidiario24.com.ar\/portalweb\/wp-content\/uploads\/2026\/08\/WhatsApp-Image-2026-08-28-at-20.57.01-768x576.jpeg 768w, https:\/\/notidiario24.com.ar\/portalweb\/wp-content\/uploads\/2026\/08\/WhatsApp-Image-2026-08-28-at-20.57.01.jpeg 1280w\" sizes=\"auto, (max-width: 1024px) 100vw, 1024px\" \/><\/figure>\n\n\n\n<h3 class=\"wp-block-heading\">Cr\u00edticas a Guzm\u00e1n por su ausencia<\/h3>\n\n\n\n<p class=\"wp-block-paragraph\">Durante la reuni\u00f3n, uno de los principales cuestionamientos estuvo dirigido al diputado nacional de <strong>La Libertad Avanza, Jairo Guzm\u00e1n<\/strong>, quien, seg\u00fan se\u00f1alaron Gadano y Aparicio, hab\u00eda sido convocado pero finalmente no particip\u00f3 del encuentro.<\/p>\n\n\n\n<p class=\"wp-block-paragraph\">\u201cEsper\u00e1bamos la presencia del diputado Guzm\u00e1n, quien finalmente decidi\u00f3 no hacerse presente y nos dej\u00f3 esperando\u201d, se\u00f1al\u00f3 Gadano.<\/p>\n\n\n\n<p class=\"wp-block-paragraph\">La senadora sostuvo que los centros de jubilados \u201cno pueden seguir esperando\u201d y reclam\u00f3 respuestas ante necesidades que, afirm\u00f3, son urgentes.<\/p>\n\n\n\n<p class=\"wp-block-paragraph\">\u201cNuestros abuelos necesitan respuestas hoy, y estar ausente frente a sus reclamos es darle la espalda a toda una comunidad\u201d, manifest\u00f3.<\/p>\n\n\n\n<h3 class=\"wp-block-heading\">\u201cHay cuestiones que nos trascienden\u201d<\/h3>\n\n\n\n<p class=\"wp-block-paragraph\">Por su parte, Aparicio destac\u00f3 la necesidad de dejar de lado las diferencias partidarias cuando se trata de reclamos vinculados con la salud.<\/p>\n\n\n\n<p class=\"wp-block-paragraph\">\u201cHay un inter\u00e9s superior a nuestros posicionamientos partidarios, a nuestro propio espacio, y hay cuestiones que nos trascienden\u201d, expres\u00f3.<\/p>\n\n\n\n<p class=\"wp-block-paragraph\">El concejal asegur\u00f3 que viene trabajando sobre la situaci\u00f3n de los jubilados desde el inicio de su gesti\u00f3n y afirm\u00f3 que est\u00e1 dispuesto a participar de cualquier mesa de trabajo que permita encontrar soluciones.<\/p>\n\n\n\n<p class=\"wp-block-paragraph\">\u201cSi me ten\u00eda que sentar anoche en esa mesa con Jairo, lo hac\u00eda. Si ma\u00f1ana se quiere sumar el intendente, lo vamos a invitar para que sea parte tambi\u00e9n\u201d, sostuvo.<\/p>\n\n\n\n<figure class=\"wp-block-image size-large\"><img loading=\"lazy\" decoding=\"async\" width=\"1024\" height=\"683\" src=\"https:\/\/notidiario24.com.ar\/portalweb\/wp-content\/uploads\/2026\/08\/WhatsApp-Image-2026-08-28-at-20.56.59-1024x683.jpeg\" alt=\"\" class=\"wp-image-7509\" srcset=\"https:\/\/notidiario24.com.ar\/portalweb\/wp-content\/uploads\/2026\/08\/WhatsApp-Image-2026-08-28-at-20.56.59-1024x683.jpeg 1024w, https:\/\/notidiario24.com.ar\/portalweb\/wp-content\/uploads\/2026\/08\/WhatsApp-Image-2026-08-28-at-20.56.59-300x200.jpeg 300w, https:\/\/notidiario24.com.ar\/portalweb\/wp-content\/uploads\/2026\/08\/WhatsApp-Image-2026-08-28-at-20.56.59-768x512.jpeg 768w, https:\/\/notidiario24.com.ar\/portalweb\/wp-content\/uploads\/2026\/08\/WhatsApp-Image-2026-08-28-at-20.56.59.jpeg 1280w\" sizes=\"auto, (max-width: 1024px) 100vw, 1024px\" \/><\/figure>\n\n\n\n<h3 class=\"wp-block-heading\">Reclamos por la falta de representaci\u00f3n del PAMI<\/h3>\n\n\n\n<p class=\"wp-block-paragraph\">Aparicio tambi\u00e9n cuestion\u00f3 la situaci\u00f3n institucional del PAMI en Caleta Olivia y se\u00f1al\u00f3 que la localidad lleva m\u00e1s de un a\u00f1o sin delegado.<\/p>\n\n\n\n<p class=\"wp-block-paragraph\">Seg\u00fan plante\u00f3, los jubilados reclamaron precisamente la designaci\u00f3n de un representante que pueda atender y canalizar sus necesidades.<\/p>\n\n\n\n<p class=\"wp-block-paragraph\">\u201cLo de ayer fue muy grave\u201d, afirm\u00f3 el concejal, quien sostuvo que existe una fuerte asimetr\u00eda entre los funcionarios y los jubilados que necesitan acceder a una prestaci\u00f3n de salud.<\/p>\n\n\n\n<p class=\"wp-block-paragraph\">En ese sentido, cuestion\u00f3 la respuesta atribuida a Guzm\u00e1n respecto de que no ser\u00eda necesaria la presencia de un delegado porque el Estado continuar\u00eda funcionando de igual manera.<\/p>\n\n\n\n<p class=\"wp-block-paragraph\">Para Aparicio, esa postura evidencia un <strong>\u201cdesconocimiento total de la administraci\u00f3n p\u00fablica\u201d<\/strong>.<\/p>\n\n\n\n<h3 class=\"wp-block-heading\">Piden una comisi\u00f3n investigadora<\/h3>\n\n\n\n<p class=\"wp-block-paragraph\">El concejal adelant\u00f3 adem\u00e1s que se encuentra trabajando junto a distintos actores pol\u00edticos y sociales para abordar la problem\u00e1tica del PAMI.<\/p>\n\n\n\n<p class=\"wp-block-paragraph\">Seg\u00fan indic\u00f3, mantuvo conversaciones con Juan Carlos Molina y se\u00f1al\u00f3 que a nivel nacional se analiza la posibilidad de avanzar en una <strong>comisi\u00f3n investigadora por las denuncias vinculadas al funcionamiento del PAMI en Santa Cruz<\/strong>.<\/p>\n\n\n\n<p class=\"wp-block-paragraph\">Mientras tanto, los jubilados volver\u00e1n a reunirse el pr\u00f3ximo lunes y, seg\u00fan adelant\u00f3 Aparicio, el martes buscar\u00e1n llevar su reclamo al Concejo Deliberante mediante la <strong>sexta banca<\/strong>, con el objetivo de ser escuchados y visibilizar la situaci\u00f3n que atraviesan.<\/p>\n\n\n\n<p class=\"wp-block-paragraph\">El reclamo, remarcaron, busca reunir acompa\u00f1amiento m\u00e1s all\u00e1 de las pertenencias pol\u00edticas y poner en primer plano el acceso efectivo a las prestaciones de salud.<\/p>\n","protected":false},"excerpt":{"rendered":"<p>Los referentes pol\u00edticos se reunieron con afiliados de Caleta Olivia que reclaman por la falta de medicamentos, tratamientos<\/p>\n","protected":false},"author":1,"featured_media":7507,"comment_status":"closed","ping_status":"closed","sticky":false,"template":"","format":"standard","meta":{"footnotes":""},"categories":[4],"tags":[],"class_list":["post-7506","post","type-post","status-publish","format-standard","has-post-thumbnail","hentry","category-politica"],"_links":{"self":[{"href":"https:\/\/notidiario24.com.ar\/portalweb\/wp-json\/wp\/v2\/posts\/7506","targetHints":{"allow":["GET"]}}],"collection":[{"href":"https:\/\/notidiario24.com.ar\/portalweb\/wp-json\/wp\/v2\/posts"}],"about":[{"href":"https:\/\/notidiario24.com.ar\/portalweb\/wp-json\/wp\/v2\/types\/post"}],"author":[{"embeddable":true,"href":"https:\/\/notidiario24.com.ar\/portalweb\/wp-json\/wp\/v2\/users\/1"}],"replies":[{"embeddable":true,"href":"https:\/\/notidiario24.com.ar\/portalweb\/wp-json\/wp\/v2\/comments?post=7506"}],"version-history":[{"count":1,"href":"https:\/\/notidiario24.com.ar\/portalweb\/wp-json\/wp\/v2\/posts\/7506\/revisions"}],"predecessor-version":[{"id":7510,"href":"https:\/\/notidiario24.com.ar\/portalweb\/wp-json\/wp\/v2\/posts\/7506\/revisions\/7510"}],"wp:featuredmedia":[{"embeddable":true,"href":"https:\/\/notidiario24.com.ar\/portalweb\/wp-json\/wp\/v2\/media\/7507"}],"wp:attachment":[{"href":"https:\/\/notidiario24.com.ar\/portalweb\/wp-json\/wp\/v2\/media?parent=7506"}],"wp:term":[{"taxonomy":"category","embeddable":true,"href":"https:\/\/notidiario24.com.ar\/portalweb\/wp-json\/wp\/v2\/categories?post=7506"},{"taxonomy":"post_tag","embeddable":true,"href":"https:\/\/notidiario24.com.ar\/portalweb\/wp-json\/wp\/v2\/tags?post=7506"}],"curies":[{"name":"wp","href":"https:\/\/api.w.org\/{rel}","templated":true}]}}