{"id":7499,"date":"2026-08-29T19:05:19","date_gmt":"2026-08-29T19:05:19","guid":{"rendered":"https:\/\/notidiario24.com.ar\/portalweb\/?p=7499"},"modified":"2026-08-29T19:05:19","modified_gmt":"2026-08-29T19:05:19","slug":"reyes-cuestiono-a-santa-cruz-puede-advirtio-por-su-competencia-con-el-sector-privado-y-el-uso-de-recursos-estatales","status":"publish","type":"post","link":"https:\/\/notidiario24.com.ar\/portalweb\/2026\/08\/29\/reyes-cuestiono-a-santa-cruz-puede-advirtio-por-su-competencia-con-el-sector-privado-y-el-uso-de-recursos-estatales\/","title":{"rendered":"Reyes cuestion\u00f3 a Santa Cruz Puede: advirti\u00f3 por su competencia con el sector privado y el uso de recursos estatales"},"content":{"rendered":"\n<p class=\"wp-block-paragraph\"><em>El referente de la Uni\u00f3n C\u00edvica Radical volvi\u00f3 a poner bajo la lupa a la empresa estatal y plante\u00f3 la necesidad de revisar su funcionamiento y el alcance de sus actividades. Tambi\u00e9n mencion\u00f3 observaciones atribuidas al Tribunal de Cuentas sobre gastos y documentaci\u00f3n respaldatoria.<\/em><\/p>\n\n\n\n<!--more-->\n\n\n\n<p class=\"wp-block-paragraph\">La empresa estatal <strong>Santa Cruz Puede<\/strong> volvi\u00f3 a quedar en el centro del debate pol\u00edtico provincial luego de las cr\u00edticas formuladas por el dirigente radical <strong>Roxana Reyes<\/strong>, quien cuestion\u00f3 tanto su alcance comercial como el esquema de financiamiento y control de sus operaciones.<\/p>\n\n\n\n<p class=\"wp-block-paragraph\">Durante una entrevista en el programa <em>Aqu\u00ed y Ahora<\/em>, de Radio El Caletense, Reyes sostuvo que la empresa estatal compite directamente con emprendimientos privados mientras recibe recursos del Estado.<\/p>\n\n\n\n<blockquote class=\"wp-block-quote is-layout-flow wp-block-quote-is-layout-flow\">\n<p class=\"wp-block-paragraph\">\u201cSi nosotros tenemos una empresa del Estado que el Estado le da recursos y que compite en m\u00e1s de 60 actividades, nadie va a querer venir a invertir a Santa Cruz\u201d, afirm\u00f3.<\/p>\n<\/blockquote>\n\n\n\n<h3 class=\"wp-block-heading\">Cuestionamientos al funcionamiento administrativo<\/h3>\n\n\n\n<p class=\"wp-block-paragraph\">Adem\u00e1s de cuestionar el rol econ\u00f3mico de Santa Cruz Puede, Reyes hizo referencia a presuntas observaciones realizadas por el <strong>Tribunal de Cuentas de Santa Cruz<\/strong>.<\/p>\n\n\n\n<p class=\"wp-block-paragraph\">Seg\u00fan explic\u00f3, entre los puntos que estar\u00edan bajo an\u00e1lisis aparecen pagos de pasajes a Eugenio Grela y erogaciones por aproximadamente <strong>$400 millones realizadas durante diciembre<\/strong>, respecto de las cuales \u2014seg\u00fan su exposici\u00f3n\u2014 no existir\u00eda documentaci\u00f3n respaldatoria suficiente, como \u00f3rdenes de compra o constancias de recepci\u00f3n de mercader\u00eda.<\/p>\n\n\n\n<p class=\"wp-block-paragraph\">El dirigente tambi\u00e9n plante\u00f3 dudas sobre el funcionamiento del sistema de proveedores y la trazabilidad de determinadas adquisiciones realizadas por la sociedad estatal.<\/p>\n\n\n\n<p class=\"wp-block-paragraph\">\u201cTodo esto es grav\u00edsimo\u201d, sostuvo Reyes, aunque aclar\u00f3 que actualmente no cuenta con acceso directo a la totalidad de la documentaci\u00f3n del Tribunal de Cuentas y que se encuentra analizando el contrato de constituci\u00f3n de Santa Cruz Puede y las sociedades vinculadas.<\/p>\n\n\n\n<p class=\"wp-block-paragraph\">En ese marco, no descart\u00f3 recurrir a la Justicia si del an\u00e1lisis de la documentaci\u00f3n surgieran elementos que pudieran constituir delitos.<\/p>\n\n\n\n<h3 class=\"wp-block-heading\">\u201cYo no lo hubiera creado\u201d<\/h3>\n\n\n\n<p class=\"wp-block-paragraph\">El cuestionamiento de Reyes tambi\u00e9n apunt\u00f3 directamente a la decisi\u00f3n pol\u00edtica de crear la empresa estatal.<\/p>\n\n\n\n<p class=\"wp-block-paragraph\">Consultado sobre si hubiera impulsado una sociedad de estas caracter\u00edsticas en caso de estar al frente del Gobierno provincial, respondi\u00f3: <strong>\u201cNo\u201d<\/strong>.<\/p>\n\n\n\n<p class=\"wp-block-paragraph\">Para el dirigente radical, el Estado deber\u00eda concentrarse en generar condiciones para que el sector privado pueda invertir, desarrollar actividades econ\u00f3micas y generar puestos de trabajo.<\/p>\n\n\n\n<p class=\"wp-block-paragraph\">Reyes reconoci\u00f3 que <strong>Santa Cruz Puede fue creada mediante una ley<\/strong> y sostuvo que ahora corresponde a la Legislatura provincial analizar el funcionamiento del esquema.<\/p>\n\n\n\n<p class=\"wp-block-paragraph\">\u201cYo creo que es un error pol\u00edtico\u201d, afirm\u00f3.<\/p>\n\n\n\n<p class=\"wp-block-paragraph\">Como alternativa, plante\u00f3 la posibilidad de <strong>limitar el alcance de la empresa estatal a sectores estrat\u00e9gicos o a aquellas actividades que no est\u00e9n desarrolladas por empresas privadas<\/strong>.<\/p>\n\n\n\n<p class=\"wp-block-paragraph\">De esta manera, Santa Cruz Puede vuelve a quedar en el centro de una discusi\u00f3n que combina el rol del Estado en la econom\u00eda, la promoci\u00f3n de inversiones privadas y los mecanismos de control sobre los recursos p\u00fablicos.<\/p>\n","protected":false},"excerpt":{"rendered":"<p>El referente de la Uni\u00f3n C\u00edvica Radical volvi\u00f3 a poner bajo la lupa a la empresa estatal y<\/p>\n","protected":false},"author":1,"featured_media":7504,"comment_status":"closed","ping_status":"closed","sticky":false,"template":"","format":"standard","meta":{"footnotes":""},"categories":[4],"tags":[],"class_list":["post-7499","post","type-post","status-publish","format-standard","has-post-thumbnail","hentry","category-politica"],"_links":{"self":[{"href":"https:\/\/notidiario24.com.ar\/portalweb\/wp-json\/wp\/v2\/posts\/7499","targetHints":{"allow":["GET"]}}],"collection":[{"href":"https:\/\/notidiario24.com.ar\/portalweb\/wp-json\/wp\/v2\/posts"}],"about":[{"href":"https:\/\/notidiario24.com.ar\/portalweb\/wp-json\/wp\/v2\/types\/post"}],"author":[{"embeddable":true,"href":"https:\/\/notidiario24.com.ar\/portalweb\/wp-json\/wp\/v2\/users\/1"}],"replies":[{"embeddable":true,"href":"https:\/\/notidiario24.com.ar\/portalweb\/wp-json\/wp\/v2\/comments?post=7499"}],"version-history":[{"count":1,"href":"https:\/\/notidiario24.com.ar\/portalweb\/wp-json\/wp\/v2\/posts\/7499\/revisions"}],"predecessor-version":[{"id":7505,"href":"https:\/\/notidiario24.com.ar\/portalweb\/wp-json\/wp\/v2\/posts\/7499\/revisions\/7505"}],"wp:featuredmedia":[{"embeddable":true,"href":"https:\/\/notidiario24.com.ar\/portalweb\/wp-json\/wp\/v2\/media\/7504"}],"wp:attachment":[{"href":"https:\/\/notidiario24.com.ar\/portalweb\/wp-json\/wp\/v2\/media?parent=7499"}],"wp:term":[{"taxonomy":"category","embeddable":true,"href":"https:\/\/notidiario24.com.ar\/portalweb\/wp-json\/wp\/v2\/categories?post=7499"},{"taxonomy":"post_tag","embeddable":true,"href":"https:\/\/notidiario24.com.ar\/portalweb\/wp-json\/wp\/v2\/tags?post=7499"}],"curies":[{"name":"wp","href":"https:\/\/api.w.org\/{rel}","templated":true}]}}