{"id":7495,"date":"2026-08-29T15:20:53","date_gmt":"2026-08-29T15:20:53","guid":{"rendered":"https:\/\/notidiario24.com.ar\/portalweb\/?p=7495"},"modified":"2026-08-29T21:16:16","modified_gmt":"2026-08-29T21:16:16","slug":"vidal-se-quedo-con-la-cta-autonoma-pero-no-puedo-con-los-trabajadores-estatales-afiliados-a-la-caja-de-servicios-sociales-la-lista-4-arraso-entre-los-activos-y-tambien-se-impuso-entre-los-pasivos","status":"publish","type":"post","link":"https:\/\/notidiario24.com.ar\/portalweb\/2026\/08\/29\/vidal-se-quedo-con-la-cta-autonoma-pero-no-puedo-con-los-trabajadores-estatales-afiliados-a-la-caja-de-servicios-sociales-la-lista-4-arraso-entre-los-activos-y-tambien-se-impuso-entre-los-pasivos\/","title":{"rendered":"Vidal se qued\u00f3 con la CTA Aut\u00f3noma, pero no puedo con los trabajadores estatales afiliados a la Caja de Servicios Sociales, la Lista 4 arras\u00f3 entre los activos y tambi\u00e9n se impuso entre los pasivos"},"content":{"rendered":"\n<p class=\"wp-block-paragraph\"><em>Natalia Huaquil y Luis Huanco obtuvieron el 60,53% de los votos en activos, mientras que Jos\u00e9 D\u00edaz y Mabel Aravena ganaron en el sector pasivo. El resultado marca una contundente victoria de la Lista Celeste y Blanca \u201cGesti\u00f3n y Trabajo\u201d.<\/em><\/p>\n\n\n\n<!--more-->\n\n\n\n<p class=\"wp-block-paragraph\">Los afiliados de la <strong>Caja de Servicios Sociales de Santa Cruz<\/strong> definieron este viernes a sus nuevos representantes mediante una elecci\u00f3n que tuvo como principal protagonista a la <strong>Lista N.\u00ba 4 Celeste y Blanca \u2013 Gesti\u00f3n y Trabajo<\/strong>, que se impuso en las dos categor\u00edas.<\/p>\n\n\n\n<p class=\"wp-block-paragraph\">De acuerdo con el escrutinio provisorio, la lista encabezada por <strong>Natalia Huaquil y Luis Huanco<\/strong> obtuvo una amplia diferencia en el sector de afiliados activos, alcanzando <strong>3.034 votos, equivalentes al 60,53%<\/strong> del total.huanco<\/p>\n\n\n\n<p class=\"wp-block-paragraph\">En segundo lugar qued\u00f3 la Lista N.\u00ba 1, Unidad y Compromiso, con 1.207 votos (24,08%); seguida por la Lista N.\u00ba 2, La Voz de los Activos, con 527 votos (10,51%); y la Lista N.\u00ba 3, Dignidad y Transparencia, con 244 votos (4,87%).<\/p>\n\n\n\n<figure class=\"wp-block-image size-large\"><img loading=\"lazy\" decoding=\"async\" width=\"1024\" height=\"632\" src=\"https:\/\/notidiario24.com.ar\/portalweb\/wp-content\/uploads\/2026\/08\/WhatsApp-Image-2026-08-28-at-19.19.49-1024x632.jpeg\" alt=\"\" class=\"wp-image-7501\" srcset=\"https:\/\/notidiario24.com.ar\/portalweb\/wp-content\/uploads\/2026\/08\/WhatsApp-Image-2026-08-28-at-19.19.49-1024x632.jpeg 1024w, https:\/\/notidiario24.com.ar\/portalweb\/wp-content\/uploads\/2026\/08\/WhatsApp-Image-2026-08-28-at-19.19.49-300x185.jpeg 300w, https:\/\/notidiario24.com.ar\/portalweb\/wp-content\/uploads\/2026\/08\/WhatsApp-Image-2026-08-28-at-19.19.49-768x474.jpeg 768w, https:\/\/notidiario24.com.ar\/portalweb\/wp-content\/uploads\/2026\/08\/WhatsApp-Image-2026-08-28-at-19.19.49-1023x632.jpeg 1023w, https:\/\/notidiario24.com.ar\/portalweb\/wp-content\/uploads\/2026\/08\/WhatsApp-Image-2026-08-28-at-19.19.49.jpeg 1166w\" sizes=\"auto, (max-width: 1024px) 100vw, 1024px\" \/><\/figure>\n\n\n\n<h3 class=\"wp-block-heading\">Tambi\u00e9n gan\u00f3 entre los pasivos<\/h3>\n\n\n\n<p class=\"wp-block-paragraph\">La victoria de la Celeste y Blanca tambi\u00e9n se extendi\u00f3 al sector de afiliados pasivos.<\/p>\n\n\n\n<p class=\"wp-block-paragraph\">La f\u00f3rmula integrada por <strong>Jos\u00e9 D\u00edaz y Mabel Aravena<\/strong> consigui\u00f3 <strong>949 votos, el 43,91%<\/strong>, superando a la Lista N.\u00ba 1, que obtuvo 568 votos (26,28%), y a la Lista N.\u00ba 2, con 519 votos (24,02%). La Lista N.\u00ba 3 alcanz\u00f3 125 votos (5,78%).<\/p>\n\n\n\n<p class=\"wp-block-paragraph\">De esta manera, <strong>la Lista 4 logr\u00f3 imponerse en ambas categor\u00edas<\/strong>, consolidando una victoria electoral que le permitir\u00e1 ocupar la representaci\u00f3n de los afiliados activos y pasivos dentro de la obra social provincial.<\/p>\n\n\n\n<figure class=\"wp-block-image size-large\"><img loading=\"lazy\" decoding=\"async\" width=\"1024\" height=\"683\" src=\"https:\/\/notidiario24.com.ar\/portalweb\/wp-content\/uploads\/2026\/08\/789388686_2422481638502896_3303364866700918409_n-1024x683.jpg\" alt=\"\" class=\"wp-image-7502\" srcset=\"https:\/\/notidiario24.com.ar\/portalweb\/wp-content\/uploads\/2026\/08\/789388686_2422481638502896_3303364866700918409_n-1024x683.jpg 1024w, https:\/\/notidiario24.com.ar\/portalweb\/wp-content\/uploads\/2026\/08\/789388686_2422481638502896_3303364866700918409_n-300x200.jpg 300w, https:\/\/notidiario24.com.ar\/portalweb\/wp-content\/uploads\/2026\/08\/789388686_2422481638502896_3303364866700918409_n-1023x682.jpg 1023w, https:\/\/notidiario24.com.ar\/portalweb\/wp-content\/uploads\/2026\/08\/789388686_2422481638502896_3303364866700918409_n-768x512.jpg 768w, https:\/\/notidiario24.com.ar\/portalweb\/wp-content\/uploads\/2026\/08\/789388686_2422481638502896_3303364866700918409_n.jpg 1200w\" sizes=\"auto, (max-width: 1024px) 100vw, 1024px\" \/><\/figure>\n\n\n\n<h3 class=\"wp-block-heading\">Un resultado que trasciende la elecci\u00f3n<\/h3>\n\n\n\n<p class=\"wp-block-paragraph\">Los comicios constituyeron la tercera elecci\u00f3n de vocales representantes de los afiliados activos y pasivos en la historia de la Caja de Servicios Sociales, en el marco de los 60 a\u00f1os de la obra social.<\/p>\n\n\n\n<p class=\"wp-block-paragraph\">El resultado adquiere adem\u00e1s una particular dimensi\u00f3n pol\u00edtica luego de una campa\u00f1a en la que la Lista Celeste y Blanca plante\u00f3 como ejes la <strong>gesti\u00f3n, el trabajo, la transparencia y una mayor presencia de los representantes de los afiliados<\/strong>.<\/p>\n\n\n\n<p class=\"wp-block-paragraph\">Con el escrutinio provisorio, los n\u00fameros dejaron un mensaje claro: <strong>la Lista 4 fue la opci\u00f3n m\u00e1s votada por los afiliados de la CSS y consigui\u00f3 quedarse con la representaci\u00f3n en los dos sectores.<\/strong><\/p>\n\n\n\n<p class=\"wp-block-paragraph\">Resultados oficiales: <a href=\"https:\/\/css.gov.ar\/resultados\/vistas\/localidad.php?localidad=TOTAL\" target=\"_blank\" rel=\"noopener\">ver ac\u00e1<\/a><\/p>\n","protected":false},"excerpt":{"rendered":"<p>Natalia Huaquil y Luis Huanco obtuvieron el 60,53% de los votos en activos, mientras que Jos\u00e9 D\u00edaz y<\/p>\n","protected":false},"author":1,"featured_media":7496,"comment_status":"closed","ping_status":"closed","sticky":false,"template":"","format":"standard","meta":{"footnotes":""},"categories":[1],"tags":[],"class_list":["post-7495","post","type-post","status-publish","format-standard","has-post-thumbnail","hentry","category-gremiales"],"_links":{"self":[{"href":"https:\/\/notidiario24.com.ar\/portalweb\/wp-json\/wp\/v2\/posts\/7495","targetHints":{"allow":["GET"]}}],"collection":[{"href":"https:\/\/notidiario24.com.ar\/portalweb\/wp-json\/wp\/v2\/posts"}],"about":[{"href":"https:\/\/notidiario24.com.ar\/portalweb\/wp-json\/wp\/v2\/types\/post"}],"author":[{"embeddable":true,"href":"https:\/\/notidiario24.com.ar\/portalweb\/wp-json\/wp\/v2\/users\/1"}],"replies":[{"embeddable":true,"href":"https:\/\/notidiario24.com.ar\/portalweb\/wp-json\/wp\/v2\/comments?post=7495"}],"version-history":[{"count":3,"href":"https:\/\/notidiario24.com.ar\/portalweb\/wp-json\/wp\/v2\/posts\/7495\/revisions"}],"predecessor-version":[{"id":7503,"href":"https:\/\/notidiario24.com.ar\/portalweb\/wp-json\/wp\/v2\/posts\/7495\/revisions\/7503"}],"wp:featuredmedia":[{"embeddable":true,"href":"https:\/\/notidiario24.com.ar\/portalweb\/wp-json\/wp\/v2\/media\/7496"}],"wp:attachment":[{"href":"https:\/\/notidiario24.com.ar\/portalweb\/wp-json\/wp\/v2\/media?parent=7495"}],"wp:term":[{"taxonomy":"category","embeddable":true,"href":"https:\/\/notidiario24.com.ar\/portalweb\/wp-json\/wp\/v2\/categories?post=7495"},{"taxonomy":"post_tag","embeddable":true,"href":"https:\/\/notidiario24.com.ar\/portalweb\/wp-json\/wp\/v2\/tags?post=7495"}],"curies":[{"name":"wp","href":"https:\/\/api.w.org\/{rel}","templated":true}]}}