{"id":7198,"date":"2026-07-18T15:12:11","date_gmt":"2026-07-18T15:12:11","guid":{"rendered":"https:\/\/notidiario24.com.ar\/portalweb\/?p=7198"},"modified":"2026-07-19T01:48:32","modified_gmt":"2026-07-19T01:48:32","slug":"familias-del-lof-paillako-fueron-sobreseidas-por-la-justicia-la-gremial-de-abogados-hablo-de-otra-derrota-para-el-racismo-judicial","status":"publish","type":"post","link":"https:\/\/notidiario24.com.ar\/portalweb\/2026\/07\/18\/familias-del-lof-paillako-fueron-sobreseidas-por-la-justicia-la-gremial-de-abogados-hablo-de-otra-derrota-para-el-racismo-judicial\/","title":{"rendered":"Familias del Lof Paillako fueron sobrese\u00eddas por la Justicia: la Gremial de Abogados habl\u00f3 de \u00abotra derrota para el racismo judicial\u00bb"},"content":{"rendered":"\n<p class=\"wp-block-paragraph\"><em>La Gremial de Abogados celebr\u00f3 el fallo de la Sala II de la C\u00e1mara Federal de Casaci\u00f3n Penal, que resolvi\u00f3 sobreseer a integrantes de la comunidad mapuche <strong>Lof Paillako<\/strong> por el delito de usurpaci\u00f3n, al considerar que el caso forma parte de un conflicto territorial y no de una ocupaci\u00f3n ilegal.<\/em><\/p>\n\n\n\n<!--more-->\n\n\n\n<p class=\"wp-block-paragraph\">La resoluci\u00f3n se conoci\u00f3 pocos d\u00edas despu\u00e9s del sobreseimiento dictado en favor de miembros de la comunidad <strong>Lof Lafken Winkul Mapu<\/strong>, y fue calificada por la organizaci\u00f3n como <strong>\u00abotra bofetada a jueces, fiscales y funcionarios racistas al servicio de los poderosos, los latifundistas y el extractivismo\u00bb<\/strong>.<\/p>\n\n\n\n<p class=\"wp-block-paragraph\">El caso hab\u00eda tenido origen en una condena dictada por el Tribunal Oral Federal de Comodoro Rivadavia, presidido por el juez Enrique Baronetto, que hab\u00eda declarado culpables a <strong>Cruz C\u00e1rdenas<\/strong> por usurpaci\u00f3n y, junto a <strong>Mar\u00eda Bel\u00e9n Salinas<\/strong>, por da\u00f1os y lesiones contra personal del Parque Nacional Los Alerces.<\/p>\n\n\n\n<p class=\"wp-block-paragraph\">Desde la Gremial recordaron que Cruz C\u00e1rdenas fue se\u00f1alado p\u00fablicamente durante a\u00f1os por distintos funcionarios nacionales y provinciales como supuesto responsable de los grandes incendios ocurridos en la Patagonia, acusaciones que \u2014afirman\u2014 fueron amplificadas por numerosos medios de comunicaci\u00f3n sin pruebas concluyentes.<\/p>\n\n\n\n<p class=\"wp-block-paragraph\">Tambi\u00e9n cuestionaron el operativo de desalojo realizado durante la gesti\u00f3n del presidente Javier Milei y del gobernador de Chubut, Ignacio Torres, cuando m\u00e1s de 300 efectivos de fuerzas federales, con apoyo de veh\u00edculos especiales y caballer\u00eda, ingresaron al territorio ocupado por la comunidad. Seg\u00fan sostienen, al momento del procedimiento el lugar ya hab\u00eda sido abandonado por sus integrantes, quienes hab\u00edan retirado previamente sus pertenencias y animales.<\/p>\n\n\n\n<p class=\"wp-block-paragraph\">La organizaci\u00f3n asegur\u00f3 que durante el juicio el tribunal rechaz\u00f3 gran parte de las pruebas presentadas por la defensa y otorg\u00f3 plena validez a la postura de la Fiscal\u00eda y de Parques Nacionales, denunciando un proceso atravesado por expresiones discriminatorias y un trato desigual hacia la comunidad mapuche.<\/p>\n\n\n\n<p class=\"wp-block-paragraph\">Sin embargo, la C\u00e1mara de Casaci\u00f3n revoc\u00f3 la condena por usurpaci\u00f3n al entender que exist\u00edan elementos suficientes para considerar que se trataba de un conflicto por derechos territoriales, lo que imped\u00eda encuadrar la conducta en ese delito penal.<\/p>\n\n\n\n<p class=\"wp-block-paragraph\">No obstante, el tribunal mantuvo las condenas por los delitos de da\u00f1os y lesiones, decisi\u00f3n que la Gremial cuestion\u00f3 al sostener que esos hechos fueron consecuencia del hostigamiento y de causas impulsadas por personal de Parques Nacionales.<\/p>\n\n\n\n<p class=\"wp-block-paragraph\">En ese sentido, se\u00f1alaron que funcionarios como <strong>Mar\u00eda Laura Fenoglio<\/strong> y <strong>Danilo Hern\u00e1ndez Ota\u00f1o<\/strong>, quienes participaron del proceso judicial y prestaron declaraci\u00f3n como testigos, posteriormente fueron apartados de sus cargos. La organizaci\u00f3n tambi\u00e9n los responsabiliz\u00f3 por un deficiente desempe\u00f1o durante los incendios forestales que afectaron la regi\u00f3n.<\/p>\n\n\n\n<p class=\"wp-block-paragraph\">Para la Gremial de Abogados, el sobreseimiento por usurpaci\u00f3n constituye <strong>un nuevo precedente judicial favorable al reconocimiento de los derechos territoriales de las comunidades mapuches<\/strong> y representa un avance frente a la criminalizaci\u00f3n de los reclamos ind\u00edgenas.<\/p>\n\n\n\n<p class=\"wp-block-paragraph\">Finalmente, sostuvieron que la resoluci\u00f3n fortalece las futuras acciones judiciales de las comunidades originarias y reafirma la necesidad de resolver este tipo de conflictos por las v\u00edas constitucionales y administrativas, en lugar de recurrir al derecho penal.<\/p>\n\n\n\n<p class=\"wp-block-paragraph\">Fuente:<a href=\"https:\/\/www.facebook.com\/photo\/?fbid=1375926904683082&amp;set=a.587142560228191\" target=\"_blank\" rel=\"noreferrer noopener\">Confederaci\u00f3n Mapuche de Neuqu\u00e9n<\/a><\/p>\n\n\n\n<p class=\"wp-block-paragraph\"><\/p>\n","protected":false},"excerpt":{"rendered":"<p>La Gremial de Abogados celebr\u00f3 el fallo de la Sala II de la C\u00e1mara Federal de Casaci\u00f3n Penal,<\/p>\n","protected":false},"author":1,"featured_media":7199,"comment_status":"closed","ping_status":"closed","sticky":false,"template":"","format":"standard","meta":{"footnotes":""},"categories":[5,4],"tags":[],"class_list":["post-7198","post","type-post","status-publish","format-standard","has-post-thumbnail","hentry","category-nacionales","category-politica"],"_links":{"self":[{"href":"https:\/\/notidiario24.com.ar\/portalweb\/wp-json\/wp\/v2\/posts\/7198","targetHints":{"allow":["GET"]}}],"collection":[{"href":"https:\/\/notidiario24.com.ar\/portalweb\/wp-json\/wp\/v2\/posts"}],"about":[{"href":"https:\/\/notidiario24.com.ar\/portalweb\/wp-json\/wp\/v2\/types\/post"}],"author":[{"embeddable":true,"href":"https:\/\/notidiario24.com.ar\/portalweb\/wp-json\/wp\/v2\/users\/1"}],"replies":[{"embeddable":true,"href":"https:\/\/notidiario24.com.ar\/portalweb\/wp-json\/wp\/v2\/comments?post=7198"}],"version-history":[{"count":1,"href":"https:\/\/notidiario24.com.ar\/portalweb\/wp-json\/wp\/v2\/posts\/7198\/revisions"}],"predecessor-version":[{"id":7200,"href":"https:\/\/notidiario24.com.ar\/portalweb\/wp-json\/wp\/v2\/posts\/7198\/revisions\/7200"}],"wp:featuredmedia":[{"embeddable":true,"href":"https:\/\/notidiario24.com.ar\/portalweb\/wp-json\/wp\/v2\/media\/7199"}],"wp:attachment":[{"href":"https:\/\/notidiario24.com.ar\/portalweb\/wp-json\/wp\/v2\/media?parent=7198"}],"wp:term":[{"taxonomy":"category","embeddable":true,"href":"https:\/\/notidiario24.com.ar\/portalweb\/wp-json\/wp\/v2\/categories?post=7198"},{"taxonomy":"post_tag","embeddable":true,"href":"https:\/\/notidiario24.com.ar\/portalweb\/wp-json\/wp\/v2\/tags?post=7198"}],"curies":[{"name":"wp","href":"https:\/\/api.w.org\/{rel}","templated":true}]}}