{"id":6359,"date":"2026-04-30T18:12:43","date_gmt":"2026-04-30T18:12:43","guid":{"rendered":"https:\/\/notidiario24.com.ar\/portalweb\/?p=6359"},"modified":"2026-04-30T18:12:44","modified_gmt":"2026-04-30T18:12:44","slug":"bares-y-fondas-volvio-a-latir-fiesta-total-por-los-40-anos-del-primer-disco-de-los-fabulosos-cadillacs","status":"publish","type":"post","link":"https:\/\/notidiario24.com.ar\/portalweb\/2026\/04\/30\/bares-y-fondas-volvio-a-latir-fiesta-total-por-los-40-anos-del-primer-disco-de-los-fabulosos-cadillacs\/","title":{"rendered":"\u201cBares y Fondas\u201d volvi\u00f3 a latir: fiesta total por los 40 a\u00f1os del primer disco de Los Fabulosos Cadillacs"},"content":{"rendered":"\n<p><em>La energ\u00eda del ska volvi\u00f3 a encenderse con fuerza en una noche cargada de historia, emoci\u00f3n y m\u00fasica en vivo. En el marco de una nueva edici\u00f3n de la Fiesta LFCRarezas, el escenario de Strummer Bar fue el punto de encuentro para celebrar los 40 a\u00f1os de \u201cBares y Fondas\u201d, el disco debut que marc\u00f3 el inicio del camino de Los Fabulosos Cadillacs.<\/em><\/p>\n\n\n\n<!--more-->\n\n\n\n<p>Desde la apertura, el clima fue creciendo con una cuidada selecci\u00f3n de rarezas de la banda, generando una conexi\u00f3n inmediata con el p\u00fablico que lleg\u00f3 dispuesto a vivir una noche distinta, atravesada por la memoria y la pasi\u00f3n.<\/p>\n\n\n\n<p>El momento central tuvo como protagonistas a Botellas Rotas, que asumi\u00f3 el desaf\u00edo de recrear el \u00e1lbum completo con una fidelidad notable y una energ\u00eda arrolladora. El show sum\u00f3 adem\u00e1s invitados especiales como Fausto Ferreiro y Kato Ska, que aportaron su impronta en distintos momentos del recorrido musical.<\/p>\n\n\n\n<p>La apertura estuvo a cargo de Bochi, junto a Leandro Balbo, con un set ac\u00fastico que aport\u00f3 una pausa \u00edntima antes del despegue definitivo de la noche, con versiones que conectaron directamente con el p\u00fablico.<\/p>\n\n\n\n<p>Uno de los puntos altos fueron los sorteos, donde los asistentes pudieron acceder a verdaderas piezas de colecci\u00f3n: desde un vinilo autografiado de \u201cBares y Fondas\u201d hasta objetos \u00fanicos vinculados a la historia de la banda.<\/p>\n\n\n\n<p>El cierre fue explosivo. Tras los sorteos, la banda volvi\u00f3 al escenario para un tramo final fuera de lista que termin\u00f3 con todos los m\u00fasicos e invitados compartiendo escena en un final colectivo, coronado por una ovaci\u00f3n y un p\u00fablico que cant\u00f3 cada tema de principio a fin.<\/p>\n\n\n\n<p>La noche dej\u00f3 una certeza: m\u00e1s all\u00e1 del paso del tiempo, la m\u00fasica sigue viva en cada encuentro, en cada canci\u00f3n y en cada historia compartida.<\/p>\n\n\n\n<iframe loading=\"lazy\" src=\"https:\/\/www.facebook.com\/plugins\/video.php?height=314&#038;href=https%3A%2F%2Fwww.facebook.com%2Freel%2F1268886404958763%2F&#038;show_text=false&#038;width=560&#038;t=0\" width=\"560\" height=\"314\" style=\"border:none;overflow:hidden\" scrolling=\"no\" frameborder=\"0\" allowfullscreen=\"true\" allow=\"autoplay; clipboard-write; encrypted-media; picture-in-picture; web-share\" allowFullScreen=\"true\"><\/iframe>\n","protected":false},"excerpt":{"rendered":"<p>La energ\u00eda del ska volvi\u00f3 a encenderse con fuerza en una noche cargada de historia, emoci\u00f3n y m\u00fasica<\/p>\n","protected":false},"author":1,"featured_media":6360,"comment_status":"closed","ping_status":"closed","sticky":false,"template":"","format":"standard","meta":{"footnotes":""},"categories":[3],"tags":[],"class_list":["post-6359","post","type-post","status-publish","format-standard","has-post-thumbnail","hentry","category-generales"],"_links":{"self":[{"href":"https:\/\/notidiario24.com.ar\/portalweb\/wp-json\/wp\/v2\/posts\/6359","targetHints":{"allow":["GET"]}}],"collection":[{"href":"https:\/\/notidiario24.com.ar\/portalweb\/wp-json\/wp\/v2\/posts"}],"about":[{"href":"https:\/\/notidiario24.com.ar\/portalweb\/wp-json\/wp\/v2\/types\/post"}],"author":[{"embeddable":true,"href":"https:\/\/notidiario24.com.ar\/portalweb\/wp-json\/wp\/v2\/users\/1"}],"replies":[{"embeddable":true,"href":"https:\/\/notidiario24.com.ar\/portalweb\/wp-json\/wp\/v2\/comments?post=6359"}],"version-history":[{"count":1,"href":"https:\/\/notidiario24.com.ar\/portalweb\/wp-json\/wp\/v2\/posts\/6359\/revisions"}],"predecessor-version":[{"id":6361,"href":"https:\/\/notidiario24.com.ar\/portalweb\/wp-json\/wp\/v2\/posts\/6359\/revisions\/6361"}],"wp:featuredmedia":[{"embeddable":true,"href":"https:\/\/notidiario24.com.ar\/portalweb\/wp-json\/wp\/v2\/media\/6360"}],"wp:attachment":[{"href":"https:\/\/notidiario24.com.ar\/portalweb\/wp-json\/wp\/v2\/media?parent=6359"}],"wp:term":[{"taxonomy":"category","embeddable":true,"href":"https:\/\/notidiario24.com.ar\/portalweb\/wp-json\/wp\/v2\/categories?post=6359"},{"taxonomy":"post_tag","embeddable":true,"href":"https:\/\/notidiario24.com.ar\/portalweb\/wp-json\/wp\/v2\/tags?post=6359"}],"curies":[{"name":"wp","href":"https:\/\/api.w.org\/{rel}","templated":true}]}}