{"id":6334,"date":"2026-04-29T22:40:07","date_gmt":"2026-04-29T22:40:07","guid":{"rendered":"https:\/\/notidiario24.com.ar\/portalweb\/?p=6334"},"modified":"2026-04-29T22:40:08","modified_gmt":"2026-04-29T22:40:08","slug":"adosac-denuncio-que-educacion-no-los-recibe-hay-docentes-que-pueden-quedarse-sin-trabajo-y-sin-obra-social","status":"publish","type":"post","link":"https:\/\/notidiario24.com.ar\/portalweb\/2026\/04\/29\/adosac-denuncio-que-educacion-no-los-recibe-hay-docentes-que-pueden-quedarse-sin-trabajo-y-sin-obra-social\/","title":{"rendered":"ADOSAC denunci\u00f3 que Educaci\u00f3n no los recibe: \u201cHay docentes que pueden quedarse sin trabajo y sin obra social\u201d"},"content":{"rendered":"\n<p><em>Dirigentes de ADOSAC realizaron este lunes una fuerte protesta en los pasillos del Consejo Provincial de Educaci\u00f3n de R\u00edo Gallegos, donde reclamaron ser recibidos por las autoridades para entregar un petitorio urgente vinculado a la falta de paritarias, la ausencia de negociaci\u00f3n salarial y la grave situaci\u00f3n laboral que atraviesan cientos de docentes santacruce\u00f1os.<\/em><\/p>\n\n\n\n<!--more-->\n\n\n\n<p>Desde el gremio denunciaron que el organismo se neg\u00f3 a recibirlos formalmente y cuestionaron la falta de respuestas ante el inminente vencimiento de los denominados \u201cresguardos laborales\u201d, previsto para el 30 de abril, lo que podr\u00eda dejar a cientos de trabajadores sin empleo o con una fuerte reducci\u00f3n de ingresos.<\/p>\n\n\n\n<p>\u201cEstamos ac\u00e1 pidiendo que nos atiendan, solicitando una entrevista porque traemos las necesidades de las compa\u00f1eras y compa\u00f1eros. Es una l\u00e1stima que el Consejo no nos reciba, como si fu\u00e9ramos delincuentes\u201d, expresaron durante la conferencia de prensa realizada en el edificio.<\/p>\n\n\n\n<p>Desde ADOSAC remarcaron que la situaci\u00f3n no se limita a una discusi\u00f3n salarial, sino que afecta directamente la continuidad laboral de muchos trabajadores, con consecuencias graves en la vida cotidiana de las familias docentes.<\/p>\n\n\n\n<p>\u201cNo tener trabajo significa no poder sostener una obra social, no poder continuar tratamientos por enfermedades cr\u00f3nicas, no poder mantener a una familia. La situaci\u00f3n es grav\u00edsima\u201d, se\u00f1alaron.<\/p>\n\n\n\n<p>Seg\u00fan indicaron, el propio Consejo Provincial de Educaci\u00f3n reconoci\u00f3 la posible ca\u00edda de 200 cargos y 1.600 horas c\u00e1tedra, lo que implicar\u00eda al menos otros 200 trabajadores m\u00e1s afectados. En total, estiman que unas 400 personas podr\u00edan perder total o parcialmente su fuente laboral.<\/p>\n\n\n\n<p>El gremio asegur\u00f3 que no existe una respuesta concreta para quienes hoy no saben si seguir\u00e1n trabajando despu\u00e9s del 30 de abril.<\/p>\n\n\n\n<p>\u201cNo estamos hablando de n\u00fameros. Estamos hablando de docentes con hijos, de preceptores con enfermedades cr\u00f3nicas, de compa\u00f1eras con m\u00e1s de 20 a\u00f1os de antig\u00fcedad que podr\u00edan quedarse sin jubilarse y sin trabajo\u201d, remarcaron.<\/p>\n\n\n\n<p>Adem\u00e1s, denunciaron que el Gobierno provincial interrumpi\u00f3 de manera unilateral las reuniones de la subcomisi\u00f3n laboral y condiciona cualquier instancia de di\u00e1logo al levantamiento de las medidas de fuerza.<\/p>\n\n\n\n<p>\u201cNos exigen que no hagamos paro para reunirnos. Eso es una extorsi\u00f3n y una violaci\u00f3n al derecho constitucional a huelga\u201d, afirmaron.<\/p>\n\n\n\n<p>Actualmente, ADOSAC sostiene un paro de 72 horas y anunci\u00f3 que permanecer\u00e1 en el Consejo Provincial de Educaci\u00f3n hasta obtener respuestas concretas.<\/p>\n\n\n\n<p>Tambi\u00e9n convocaron a un \u201cruidazo\u201d para las 19 horas frente al edificio, invitando a toda la comunidad a sumarse en defensa de los puestos de trabajo y la recomposici\u00f3n salarial.<\/p>\n\n\n\n<p>Finalmente, reclamaron la apertura urgente de paritarias y cuestionaron al Gobierno provincial por sostener pol\u00edticas de ajuste sobre los trabajadores.<\/p>\n\n\n\n<p>\u201cEl camino no es despedir gente ni congelar salarios. La salida es darle trabajo a la gente, mejorar los sueldos y sostener el consumo para que tampoco sigan cerrando comercios en toda la provincia\u201d, concluyeron.<\/p>\n","protected":false},"excerpt":{"rendered":"<p>Dirigentes de ADOSAC realizaron este lunes una fuerte protesta en los pasillos del Consejo Provincial de Educaci\u00f3n de<\/p>\n","protected":false},"author":1,"featured_media":6335,"comment_status":"closed","ping_status":"closed","sticky":false,"template":"","format":"standard","meta":{"footnotes":""},"categories":[1,4],"tags":[],"class_list":["post-6334","post","type-post","status-publish","format-standard","has-post-thumbnail","hentry","category-gremiales","category-politica"],"_links":{"self":[{"href":"https:\/\/notidiario24.com.ar\/portalweb\/wp-json\/wp\/v2\/posts\/6334","targetHints":{"allow":["GET"]}}],"collection":[{"href":"https:\/\/notidiario24.com.ar\/portalweb\/wp-json\/wp\/v2\/posts"}],"about":[{"href":"https:\/\/notidiario24.com.ar\/portalweb\/wp-json\/wp\/v2\/types\/post"}],"author":[{"embeddable":true,"href":"https:\/\/notidiario24.com.ar\/portalweb\/wp-json\/wp\/v2\/users\/1"}],"replies":[{"embeddable":true,"href":"https:\/\/notidiario24.com.ar\/portalweb\/wp-json\/wp\/v2\/comments?post=6334"}],"version-history":[{"count":1,"href":"https:\/\/notidiario24.com.ar\/portalweb\/wp-json\/wp\/v2\/posts\/6334\/revisions"}],"predecessor-version":[{"id":6336,"href":"https:\/\/notidiario24.com.ar\/portalweb\/wp-json\/wp\/v2\/posts\/6334\/revisions\/6336"}],"wp:featuredmedia":[{"embeddable":true,"href":"https:\/\/notidiario24.com.ar\/portalweb\/wp-json\/wp\/v2\/media\/6335"}],"wp:attachment":[{"href":"https:\/\/notidiario24.com.ar\/portalweb\/wp-json\/wp\/v2\/media?parent=6334"}],"wp:term":[{"taxonomy":"category","embeddable":true,"href":"https:\/\/notidiario24.com.ar\/portalweb\/wp-json\/wp\/v2\/categories?post=6334"},{"taxonomy":"post_tag","embeddable":true,"href":"https:\/\/notidiario24.com.ar\/portalweb\/wp-json\/wp\/v2\/tags?post=6334"}],"curies":[{"name":"wp","href":"https:\/\/api.w.org\/{rel}","templated":true}]}}