{"id":6331,"date":"2026-04-29T22:19:59","date_gmt":"2026-04-29T22:19:59","guid":{"rendered":"https:\/\/notidiario24.com.ar\/portalweb\/?p=6331"},"modified":"2026-04-29T22:36:12","modified_gmt":"2026-04-29T22:36:12","slug":"julia-chalub-sin-prevencion-en-las-escuelas-las-redes-siguen-captando-a-menores-de-edad-vulnerables","status":"publish","type":"post","link":"https:\/\/notidiario24.com.ar\/portalweb\/2026\/04\/29\/julia-chalub-sin-prevencion-en-las-escuelas-las-redes-siguen-captando-a-menores-de-edad-vulnerables\/","title":{"rendered":"Julia Chalub: \u201cSin prevenci\u00f3n en las escuelas, las redes siguen captando a menores de edad vulnerables\u201d"},"content":{"rendered":"\n<p><em>Luego de los allanamientos realizados en el marco del operativo internacional \u201cAliados por la Infancia VI\u201d, la secretaria de Ni\u00f1ez, Adolescencia y Familia de R\u00edo Gallegos, Julia Chalub, encendi\u00f3 una fuerte se\u00f1al de alarma sobre la falta de trabajo articulado para prevenir delitos vinculados a la explotaci\u00f3n sexual infantil.<\/em><\/p>\n\n\n\n<!--more-->\n\n\n\n<p>La funcionaria sostuvo que la gravedad de la investigaci\u00f3n exige una respuesta mucho m\u00e1s profunda y coordinada entre instituciones, especialmente en espacios clave como las escuelas, donde considera fundamental intervenir de manera preventiva.<\/p>\n\n\n\n<p>En di\u00e1logo con un medio local, Chalub remarc\u00f3 que los procedimientos realizados no responden a hechos aislados, sino a una investigaci\u00f3n de gran escala que involucra a distintas ciudades e incluso a otros pa\u00edses.<\/p>\n\n\n\n<p>\u201cEstamos hablando de una situaci\u00f3n grav\u00edsima. Cuando se realizan este tipo de allanamientos es porque ya existen muchos elementos que permiten configurar delitos de este tipo. Se est\u00e1 hablando de una red y eso es realmente muy preocupante\u201d, expres\u00f3.<\/p>\n\n\n\n<p>Desde la Secretar\u00eda municipal vienen desarrollando talleres sobre grooming, bullying y otras problem\u00e1ticas vinculadas a la protecci\u00f3n de ni\u00f1os, ni\u00f1as y adolescentes, con el objetivo de anticiparse a este tipo de situaciones.<\/p>\n\n\n\n<p>\u201cEl foco siempre tiene que estar en la prevenci\u00f3n, porque hoy los chicos est\u00e1n expuestos permanentemente a dispositivos electr\u00f3nicos y muchas veces los padres no saben con qui\u00e9nes se comunican\u201d, explic\u00f3.<\/p>\n\n\n\n<p>Tambi\u00e9n advirti\u00f3 que detr\u00e1s de estos delitos siempre existe un adulto que busca captar a menores en situaci\u00f3n de vulnerabilidad, por lo que insisti\u00f3 en la necesidad de fortalecer los espacios de contenci\u00f3n y detecci\u00f3n temprana.<\/p>\n\n\n\n<p>Para Chalub, la escuela ocupa un rol central en esa tarea, no solo como \u00e1mbito de prevenci\u00f3n, sino tambi\u00e9n como lugar para convocar y trabajar junto a las familias.<\/p>\n\n\n\n<p>Sin embargo, cuestion\u00f3 que desde el Municipio muchas veces encuentran obst\u00e1culos para ingresar a los establecimientos educativos y desarrollar ese trabajo.<\/p>\n\n\n\n<p>\u201cA nosotros hoy se nos dificulta mucho entrar a las escuelas. Hay voluntad de algunos directivos, pero muchas veces no tenemos la recepci\u00f3n necesaria para poder trabajar. Son cuestiones caprichosas, porque tenemos los profesionales y las herramientas\u201d, afirm\u00f3.<\/p>\n\n\n\n<p>En ese sentido, fue m\u00e1s all\u00e1 y vincul\u00f3 estas dificultades con tensiones pol\u00edticas entre Provincia y Municipio.<\/p>\n\n\n\n<p>\u201cSabemos c\u00f3mo es la relaci\u00f3n entre la provincia y el municipio de R\u00edo Gallegos. Si no sumamos esfuerzos, es muy dif\u00edcil avanzar en prevenci\u00f3n\u201d, sostuvo.<\/p>\n\n\n\n<p>Adem\u00e1s, alert\u00f3 sobre el impacto que genera la p\u00e9rdida de d\u00edas de clase producto de los paros docentes, al considerar que eso tambi\u00e9n expone a\u00fan m\u00e1s a ni\u00f1os y adolescentes.<\/p>\n\n\n\n<p>\u201cLa cantidad de paros tambi\u00e9n pone en mayor peligro a los chicos\u201d, se\u00f1al\u00f3.<\/p>\n\n\n\n<p>Por \u00faltimo, indic\u00f3 que mantiene conversaciones con legisladores provinciales para avanzar en herramientas concretas que permitan fortalecer el abordaje institucional de esta problem\u00e1tica.<\/p>\n\n\n\n<p>No obstante, advirti\u00f3 que muchas veces la agenda pol\u00edtica nacional desplaza estos temas urgentes y dificulta que se instalen con la seriedad que requieren.<\/p>\n\n\n\n<p>\u201cHay cuestiones muy importantes que necesitan ser trabajadas y muchas veces no logran tener el espacio necesario\u201d, concluy\u00f3.<\/p>\n","protected":false},"excerpt":{"rendered":"<p>Luego de los allanamientos realizados en el marco del operativo internacional \u201cAliados por la Infancia VI\u201d, la secretaria<\/p>\n","protected":false},"author":1,"featured_media":6332,"comment_status":"closed","ping_status":"closed","sticky":false,"template":"","format":"standard","meta":{"footnotes":""},"categories":[3],"tags":[],"class_list":["post-6331","post","type-post","status-publish","format-standard","has-post-thumbnail","hentry","category-generales"],"_links":{"self":[{"href":"https:\/\/notidiario24.com.ar\/portalweb\/wp-json\/wp\/v2\/posts\/6331","targetHints":{"allow":["GET"]}}],"collection":[{"href":"https:\/\/notidiario24.com.ar\/portalweb\/wp-json\/wp\/v2\/posts"}],"about":[{"href":"https:\/\/notidiario24.com.ar\/portalweb\/wp-json\/wp\/v2\/types\/post"}],"author":[{"embeddable":true,"href":"https:\/\/notidiario24.com.ar\/portalweb\/wp-json\/wp\/v2\/users\/1"}],"replies":[{"embeddable":true,"href":"https:\/\/notidiario24.com.ar\/portalweb\/wp-json\/wp\/v2\/comments?post=6331"}],"version-history":[{"count":1,"href":"https:\/\/notidiario24.com.ar\/portalweb\/wp-json\/wp\/v2\/posts\/6331\/revisions"}],"predecessor-version":[{"id":6333,"href":"https:\/\/notidiario24.com.ar\/portalweb\/wp-json\/wp\/v2\/posts\/6331\/revisions\/6333"}],"wp:featuredmedia":[{"embeddable":true,"href":"https:\/\/notidiario24.com.ar\/portalweb\/wp-json\/wp\/v2\/media\/6332"}],"wp:attachment":[{"href":"https:\/\/notidiario24.com.ar\/portalweb\/wp-json\/wp\/v2\/media?parent=6331"}],"wp:term":[{"taxonomy":"category","embeddable":true,"href":"https:\/\/notidiario24.com.ar\/portalweb\/wp-json\/wp\/v2\/categories?post=6331"},{"taxonomy":"post_tag","embeddable":true,"href":"https:\/\/notidiario24.com.ar\/portalweb\/wp-json\/wp\/v2\/tags?post=6331"}],"curies":[{"name":"wp","href":"https:\/\/api.w.org\/{rel}","templated":true}]}}