{"id":6328,"date":"2026-04-29T00:24:17","date_gmt":"2026-04-29T00:24:17","guid":{"rendered":"https:\/\/notidiario24.com.ar\/portalweb\/?p=6328"},"modified":"2026-04-29T00:24:18","modified_gmt":"2026-04-29T00:24:18","slug":"murio-maria-cristina-verrier-la-unica-mujer-del-historico-operativo-condor-hacia-malvinas","status":"publish","type":"post","link":"https:\/\/notidiario24.com.ar\/portalweb\/2026\/04\/29\/murio-maria-cristina-verrier-la-unica-mujer-del-historico-operativo-condor-hacia-malvinas\/","title":{"rendered":"Muri\u00f3 Mar\u00eda Cristina Verrier, la \u00fanica mujer del hist\u00f3rico Operativo C\u00f3ndor hacia Malvinas"},"content":{"rendered":"\n<p><em>Falleci\u00f3 Mar\u00eda Cristina Verrier, reconocida dramaturga, periodista y figura hist\u00f3rica del peronismo revolucionario, recordada no solo por su extensa trayectoria cultural sino tambi\u00e9n por haber sido la \u00fanica mujer que integr\u00f3 el hist\u00f3rico Operativo C\u00f3ndor de 1966, la acci\u00f3n militante que desvi\u00f3 un avi\u00f3n hacia las Islas Malvinas para reafirmar la soberan\u00eda argentina.<\/em><\/p>\n\n\n\n<!--more-->\n\n\n\n<p>Nacida en 1939 en la Ciudad de Buenos Aires, Verrier dej\u00f3 una profunda huella en el mundo del teatro y el periodismo, con obras destacadas como <em>Los olvidados<\/em>, <em>La bronca<\/em> y <em>Naranjas amargas para mam\u00e1<\/em>, adem\u00e1s de su paso por la reconocida revista Panorama.<\/p>\n\n\n\n<p>Sin embargo, su nombre qued\u00f3 grabado para siempre en la historia pol\u00edtica argentina por su participaci\u00f3n en una de las acciones m\u00e1s simb\u00f3licas vinculadas a la causa Malvinas.<\/p>\n\n\n\n<p>El 28 de septiembre de 1966, con apenas 27 a\u00f1os, Mar\u00eda Cristina Verrier integr\u00f3 junto a su pareja Dardo Cabo y otros 16 militantes del Movimiento Nueva Argentina (MNA) el denominado Operativo C\u00f3ndor.<\/p>\n\n\n\n<p>El grupo secuestr\u00f3 un vuelo de Aerol\u00edneas Argentinas que se dirig\u00eda desde Buenos Aires hacia R\u00edo Gallegos y oblig\u00f3 a desviar su destino hacia las Islas Malvinas.<\/p>\n\n\n\n<p>Una vez en territorio malvinense, los militantes izaron siete banderas argentinas y reclamaron la soberan\u00eda nacional sobre el archipi\u00e9lago ocupado por el Reino Unido.<\/p>\n\n\n\n<p>Durante 36 horas, esas banderas flamearon sobre las islas, en una imagen que con el paso del tiempo se transform\u00f3 en uno de los s\u00edmbolos m\u00e1s potentes de la lucha por Malvinas.<\/p>\n\n\n\n<p>A pesar de estar en inferioridad num\u00e9rica y sin posibilidades reales de sostener una confrontaci\u00f3n armada, el grupo negoci\u00f3 entregar las armas dentro del avi\u00f3n y se rindi\u00f3 ante el p\u00e1rroco local, sin reconocer autoridad brit\u00e1nica.<\/p>\n\n\n\n<p>Horas despu\u00e9s regresaron al continente a bordo de un buque argentino, aunque posteriormente fueron condenados por el gobierno de facto bajo la acusaci\u00f3n de \u201cpirater\u00eda\u201d.<\/p>\n\n\n\n<p>D\u00e9cadas m\u00e1s tarde, Verrier volvi\u00f3 a ser protagonista de un momento cargado de simbolismo cuando entreg\u00f3 a la entonces presidenta Cristina Fern\u00e1ndez de Kirchner las siete banderas originales que hab\u00edan flameado en Malvinas durante aquella operaci\u00f3n.<\/p>\n\n\n\n<p>Una de ellas, la m\u00e1s deteriorada y marcada por el tiempo, fue destinada al mausoleo de N\u00e9stor Kirchner por expreso pedido de la propia Verrier.<\/p>\n\n\n\n<p>\u201cEsa bandera no la vayas a lavar\u201d, hab\u00eda pedido en una carta, entendiendo que su desgaste era precisamente parte de su valor hist\u00f3rico y emocional.<\/p>\n\n\n\n<p>Las dem\u00e1s fueron destinadas a distintos espacios emblem\u00e1ticos vinculados a la memoria nacional y la causa Malvinas, entre ellos el Museo Malvinas, el Museo del Bicentenario, la Catedral de Luj\u00e1n y otros sitios de fuerte carga simb\u00f3lica.<\/p>\n\n\n\n<p>Con su fallecimiento, se despide una figura singular de la cultura y la militancia argentina, una mujer que uni\u00f3 arte, convicci\u00f3n pol\u00edtica y una profunda defensa de la soberan\u00eda nacional.<\/p>\n\n\n\n<p>Mar\u00eda Cristina Verrier deja una historia marcada por la palabra, la lucha y una bandera que jam\u00e1s dej\u00f3 de flamear.<\/p>\n\n\n\n<p>PRESENTE LOMJE HLVS | 28-4-2023 | Miltantes del Peronismo Revolucionario<\/p>\n","protected":false},"excerpt":{"rendered":"<p>Falleci\u00f3 Mar\u00eda Cristina Verrier, reconocida dramaturga, periodista y figura hist\u00f3rica del peronismo revolucionario, recordada no solo por su<\/p>\n","protected":false},"author":1,"featured_media":6329,"comment_status":"closed","ping_status":"closed","sticky":false,"template":"","format":"standard","meta":{"footnotes":""},"categories":[9,4],"tags":[],"class_list":["post-6328","post","type-post","status-publish","format-standard","has-post-thumbnail","hentry","category-editorial","category-politica"],"_links":{"self":[{"href":"https:\/\/notidiario24.com.ar\/portalweb\/wp-json\/wp\/v2\/posts\/6328","targetHints":{"allow":["GET"]}}],"collection":[{"href":"https:\/\/notidiario24.com.ar\/portalweb\/wp-json\/wp\/v2\/posts"}],"about":[{"href":"https:\/\/notidiario24.com.ar\/portalweb\/wp-json\/wp\/v2\/types\/post"}],"author":[{"embeddable":true,"href":"https:\/\/notidiario24.com.ar\/portalweb\/wp-json\/wp\/v2\/users\/1"}],"replies":[{"embeddable":true,"href":"https:\/\/notidiario24.com.ar\/portalweb\/wp-json\/wp\/v2\/comments?post=6328"}],"version-history":[{"count":1,"href":"https:\/\/notidiario24.com.ar\/portalweb\/wp-json\/wp\/v2\/posts\/6328\/revisions"}],"predecessor-version":[{"id":6330,"href":"https:\/\/notidiario24.com.ar\/portalweb\/wp-json\/wp\/v2\/posts\/6328\/revisions\/6330"}],"wp:featuredmedia":[{"embeddable":true,"href":"https:\/\/notidiario24.com.ar\/portalweb\/wp-json\/wp\/v2\/media\/6329"}],"wp:attachment":[{"href":"https:\/\/notidiario24.com.ar\/portalweb\/wp-json\/wp\/v2\/media?parent=6328"}],"wp:term":[{"taxonomy":"category","embeddable":true,"href":"https:\/\/notidiario24.com.ar\/portalweb\/wp-json\/wp\/v2\/categories?post=6328"},{"taxonomy":"post_tag","embeddable":true,"href":"https:\/\/notidiario24.com.ar\/portalweb\/wp-json\/wp\/v2\/tags?post=6328"}],"curies":[{"name":"wp","href":"https:\/\/api.w.org\/{rel}","templated":true}]}}