{"id":6317,"date":"2026-04-28T18:13:30","date_gmt":"2026-04-28T18:13:30","guid":{"rendered":"https:\/\/notidiario24.com.ar\/portalweb\/?p=6317"},"modified":"2026-04-28T18:13:31","modified_gmt":"2026-04-28T18:13:31","slug":"bolsos-sobres-y-millones-fuerte-denuncia-contra-dirigentes-de-la-libertad-avanza-en-caleta-olivia","status":"publish","type":"post","link":"https:\/\/notidiario24.com.ar\/portalweb\/2026\/04\/28\/bolsos-sobres-y-millones-fuerte-denuncia-contra-dirigentes-de-la-libertad-avanza-en-caleta-olivia\/","title":{"rendered":"Bolsos, sobres y millones: fuerte denuncia contra dirigentes de La Libertad Avanza en Caleta Olivia"},"content":{"rendered":"\n<p><em>Un informe emitido por el programa <strong>TLN Denuncias<\/strong>, de Canal 9 de Buenos Aires, desat\u00f3 una fuerte pol\u00e9mica en Santa Cruz tras exponer una grave denuncia sobre presunto reparto de dinero dentro de un b\u00fanker de La Libertad Avanza en Caleta Olivia.<\/em><\/p>\n\n\n\n<!--more-->\n\n\n\n<p>La investigaci\u00f3n apunta directamente a dirigentes vinculados al espacio libertario en la provincia y menciona al diputado nacional Jairo Guzm\u00e1n, al ex titular del PAMI Jos\u00e9 Morodiel y a la actual jefa regional de ANSES Sur, Gladys Montiel.<\/p>\n\n\n\n<figure class=\"wp-block-image size-large\"><img loading=\"lazy\" decoding=\"async\" width=\"1024\" height=\"528\" src=\"https:\/\/notidiario24.com.ar\/portalweb\/wp-content\/uploads\/2026\/04\/Captura-de-pantalla-2026-04-28-145731-1024x528.png\" alt=\"\" class=\"wp-image-6319\" srcset=\"https:\/\/notidiario24.com.ar\/portalweb\/wp-content\/uploads\/2026\/04\/Captura-de-pantalla-2026-04-28-145731-1024x528.png 1024w, https:\/\/notidiario24.com.ar\/portalweb\/wp-content\/uploads\/2026\/04\/Captura-de-pantalla-2026-04-28-145731-300x155.png 300w, https:\/\/notidiario24.com.ar\/portalweb\/wp-content\/uploads\/2026\/04\/Captura-de-pantalla-2026-04-28-145731-768x396.png 768w, https:\/\/notidiario24.com.ar\/portalweb\/wp-content\/uploads\/2026\/04\/Captura-de-pantalla-2026-04-28-145731-1536x792.png 1536w, https:\/\/notidiario24.com.ar\/portalweb\/wp-content\/uploads\/2026\/04\/Captura-de-pantalla-2026-04-28-145731.png 1773w\" sizes=\"auto, (max-width: 1024px) 100vw, 1024px\" \/><\/figure>\n\n\n\n<p>Seg\u00fan se expuso en el informe televisivo, una vez finalizadas las elecciones, Jos\u00e9 Morodiel habr\u00eda ingresado al local partidario con bolsos cargados de dinero en efectivo para repartir sobres entre distintos referentes del espacio.<\/p>\n\n\n\n<p>Testimonios recogidos por el programa aseguran que cada sobre conten\u00eda alrededor de un mill\u00f3n de pesos y que la distribuci\u00f3n se habr\u00eda realizado dentro del b\u00fanker partidario con total naturalidad.<\/p>\n\n\n\n<figure class=\"wp-block-image size-large\"><img loading=\"lazy\" decoding=\"async\" width=\"1024\" height=\"544\" src=\"https:\/\/notidiario24.com.ar\/portalweb\/wp-content\/uploads\/2026\/04\/Captura-de-pantalla-2026-04-28-150017-1024x544.png\" alt=\"\" class=\"wp-image-6320\" srcset=\"https:\/\/notidiario24.com.ar\/portalweb\/wp-content\/uploads\/2026\/04\/Captura-de-pantalla-2026-04-28-150017-1024x544.png 1024w, https:\/\/notidiario24.com.ar\/portalweb\/wp-content\/uploads\/2026\/04\/Captura-de-pantalla-2026-04-28-150017-300x159.png 300w, https:\/\/notidiario24.com.ar\/portalweb\/wp-content\/uploads\/2026\/04\/Captura-de-pantalla-2026-04-28-150017-768x408.png 768w, https:\/\/notidiario24.com.ar\/portalweb\/wp-content\/uploads\/2026\/04\/Captura-de-pantalla-2026-04-28-150017-1536x816.png 1536w, https:\/\/notidiario24.com.ar\/portalweb\/wp-content\/uploads\/2026\/04\/Captura-de-pantalla-2026-04-28-150017.png 1746w\" sizes=\"auto, (max-width: 1024px) 100vw, 1024px\" \/><\/figure>\n\n\n\n<p>Uno de los testimonios m\u00e1s fuertes fue el de Maximiliano Acu\u00f1a, secretario de Asuntos Pol\u00edticos de La Libertad Avanza, quien asegur\u00f3 que el d\u00eda previo a las elecciones se convoc\u00f3 a referentes de distintas localidades a la sede de R\u00edo Gallegos para entregar dinero destinado a la campa\u00f1a.<\/p>\n\n\n\n<p>\u201cAll\u00ed se entregaban bolsas con plata. A cada localidad se le asignaba un monto y el resto se lo embolsaban\u201d, relat\u00f3 durante la investigaci\u00f3n.<\/p>\n\n\n\n<iframe loading=\"lazy\" width=\"560\" height=\"315\" src=\"https:\/\/www.youtube.com\/embed\/IdQNuTy9nmQ?si=nGjTPJJ3Z82M_XnI\" title=\"YouTube video player\" frameborder=\"0\" allow=\"accelerometer; autoplay; clipboard-write; encrypted-media; gyroscope; picture-in-picture; web-share\" referrerpolicy=\"strict-origin-when-cross-origin\" allowfullscreen><\/iframe>\n\n\n\n<p>Tambi\u00e9n se mencion\u00f3 a Giovanni Alvea como una de las personas que habr\u00eda entregado dinero en efectivo sin ning\u00fan tipo de comprobante formal.<\/p>\n\n\n\n<p>Seg\u00fan el testimonio difundido por TLN Denuncias, se entregaron sumas cercanas a 1.440.000 pesos y se ped\u00eda expresamente que no quedara ning\u00fan registro ni mensajes sobre esos movimientos.<\/p>\n\n\n\n<p>Las sospechas sobre el origen de esos fondos abrieron uno de los puntos m\u00e1s delicados de la denuncia. En el informe se desliz\u00f3 la posibilidad de que el dinero pudiera provenir de maniobras irregulares, desv\u00edo de fondos p\u00fablicos o incluso lavado de activos.<\/p>\n\n\n\n<p>\u201cCuando no quer\u00e9s demostrar de d\u00f3nde viene el dinero, es porque algo sucio puede haber detr\u00e1s\u201d, se\u00f1alaron durante la investigaci\u00f3n.<\/p>\n\n\n\n<figure class=\"wp-block-image size-large\"><img loading=\"lazy\" decoding=\"async\" width=\"1024\" height=\"567\" src=\"https:\/\/notidiario24.com.ar\/portalweb\/wp-content\/uploads\/2026\/04\/Captura-de-pantalla-2026-04-28-150052-1024x567.png\" alt=\"\" class=\"wp-image-6321\" srcset=\"https:\/\/notidiario24.com.ar\/portalweb\/wp-content\/uploads\/2026\/04\/Captura-de-pantalla-2026-04-28-150052-1024x567.png 1024w, https:\/\/notidiario24.com.ar\/portalweb\/wp-content\/uploads\/2026\/04\/Captura-de-pantalla-2026-04-28-150052-300x166.png 300w, https:\/\/notidiario24.com.ar\/portalweb\/wp-content\/uploads\/2026\/04\/Captura-de-pantalla-2026-04-28-150052-768x426.png 768w, https:\/\/notidiario24.com.ar\/portalweb\/wp-content\/uploads\/2026\/04\/Captura-de-pantalla-2026-04-28-150052-1536x851.png 1536w, https:\/\/notidiario24.com.ar\/portalweb\/wp-content\/uploads\/2026\/04\/Captura-de-pantalla-2026-04-28-150052.png 1680w\" sizes=\"auto, (max-width: 1024px) 100vw, 1024px\" \/><\/figure>\n\n\n\n<p>El programa tambi\u00e9n puso el foco sobre Jairo Guzm\u00e1n, actual diputado nacional por Santa Cruz, ex titular del PAMI y referente de La Libertad Avanza en la provincia.<\/p>\n\n\n\n<p>Adem\u00e1s de su rol pol\u00edtico, se cuestion\u00f3 la designaci\u00f3n de su pareja, Gladys Montiel, al frente de la jefatura regional de ANSES Sur, situaci\u00f3n que fue se\u00f1alada como un caso de concentraci\u00f3n de poder pol\u00edtico y manejo interno dentro del espacio.<\/p>\n\n\n\n<p>Seg\u00fan los testimonios presentados, las principales decisiones dentro de La Libertad Avanza en Santa Cruz ser\u00edan tomadas por un peque\u00f1o n\u00facleo integrado por Guzm\u00e1n, Montiel y Lucas Ollarzo.<\/p>\n\n\n\n<p>El informe tambi\u00e9n record\u00f3 que Guzm\u00e1n fue recientemente repudiado en su regreso a la provincia tras votar a favor de la Ley de Glaciares, generando fuertes cr\u00edticas y manifestaciones en su contra.<\/p>\n\n\n\n<figure class=\"wp-block-image size-large\"><img loading=\"lazy\" decoding=\"async\" width=\"1024\" height=\"542\" src=\"https:\/\/notidiario24.com.ar\/portalweb\/wp-content\/uploads\/2026\/04\/Captura-de-pantalla-2026-04-28-145958-1024x542.png\" alt=\"\" class=\"wp-image-6323\" srcset=\"https:\/\/notidiario24.com.ar\/portalweb\/wp-content\/uploads\/2026\/04\/Captura-de-pantalla-2026-04-28-145958-1024x542.png 1024w, https:\/\/notidiario24.com.ar\/portalweb\/wp-content\/uploads\/2026\/04\/Captura-de-pantalla-2026-04-28-145958-300x159.png 300w, https:\/\/notidiario24.com.ar\/portalweb\/wp-content\/uploads\/2026\/04\/Captura-de-pantalla-2026-04-28-145958-768x407.png 768w, https:\/\/notidiario24.com.ar\/portalweb\/wp-content\/uploads\/2026\/04\/Captura-de-pantalla-2026-04-28-145958-1536x814.png 1536w, https:\/\/notidiario24.com.ar\/portalweb\/wp-content\/uploads\/2026\/04\/Captura-de-pantalla-2026-04-28-145958.png 1746w\" sizes=\"auto, (max-width: 1024px) 100vw, 1024px\" \/><\/figure>\n\n\n\n<p>Hasta el momento, no hubo respuestas oficiales por parte de los dirigentes mencionados en la denuncia ni explicaciones p\u00fablicas sobre los hechos expuestos en la investigaci\u00f3n televisiva.<\/p>\n\n\n\n<p>La repercusi\u00f3n del informe ya genera fuerte impacto pol\u00edtico en Santa Cruz y podr\u00eda abrir nuevas derivaciones judiciales si las denuncias avanzan formalmente.<\/p>\n","protected":false},"excerpt":{"rendered":"<p>Un informe emitido por el programa TLN Denuncias, de Canal 9 de Buenos Aires, desat\u00f3 una fuerte pol\u00e9mica<\/p>\n","protected":false},"author":1,"featured_media":6318,"comment_status":"closed","ping_status":"closed","sticky":false,"template":"","format":"standard","meta":{"footnotes":""},"categories":[5,4],"tags":[],"class_list":["post-6317","post","type-post","status-publish","format-standard","has-post-thumbnail","hentry","category-nacionales","category-politica"],"_links":{"self":[{"href":"https:\/\/notidiario24.com.ar\/portalweb\/wp-json\/wp\/v2\/posts\/6317","targetHints":{"allow":["GET"]}}],"collection":[{"href":"https:\/\/notidiario24.com.ar\/portalweb\/wp-json\/wp\/v2\/posts"}],"about":[{"href":"https:\/\/notidiario24.com.ar\/portalweb\/wp-json\/wp\/v2\/types\/post"}],"author":[{"embeddable":true,"href":"https:\/\/notidiario24.com.ar\/portalweb\/wp-json\/wp\/v2\/users\/1"}],"replies":[{"embeddable":true,"href":"https:\/\/notidiario24.com.ar\/portalweb\/wp-json\/wp\/v2\/comments?post=6317"}],"version-history":[{"count":1,"href":"https:\/\/notidiario24.com.ar\/portalweb\/wp-json\/wp\/v2\/posts\/6317\/revisions"}],"predecessor-version":[{"id":6324,"href":"https:\/\/notidiario24.com.ar\/portalweb\/wp-json\/wp\/v2\/posts\/6317\/revisions\/6324"}],"wp:featuredmedia":[{"embeddable":true,"href":"https:\/\/notidiario24.com.ar\/portalweb\/wp-json\/wp\/v2\/media\/6318"}],"wp:attachment":[{"href":"https:\/\/notidiario24.com.ar\/portalweb\/wp-json\/wp\/v2\/media?parent=6317"}],"wp:term":[{"taxonomy":"category","embeddable":true,"href":"https:\/\/notidiario24.com.ar\/portalweb\/wp-json\/wp\/v2\/categories?post=6317"},{"taxonomy":"post_tag","embeddable":true,"href":"https:\/\/notidiario24.com.ar\/portalweb\/wp-json\/wp\/v2\/tags?post=6317"}],"curies":[{"name":"wp","href":"https:\/\/api.w.org\/{rel}","templated":true}]}}