{"id":6307,"date":"2026-04-28T14:37:03","date_gmt":"2026-04-28T14:37:03","guid":{"rendered":"https:\/\/notidiario24.com.ar\/portalweb\/?p=6307"},"modified":"2026-04-28T14:37:03","modified_gmt":"2026-04-28T14:37:03","slug":"crece-la-tension-docente-alertan-por-la-posible-perdida-de-mas-de-400-cargos-en-santa-cruz","status":"publish","type":"post","link":"https:\/\/notidiario24.com.ar\/portalweb\/2026\/04\/28\/crece-la-tension-docente-alertan-por-la-posible-perdida-de-mas-de-400-cargos-en-santa-cruz\/","title":{"rendered":"Crece la tensi\u00f3n docente: alertan por la posible p\u00e9rdida de m\u00e1s de 400 cargos en Santa Cruz"},"content":{"rendered":"\n<p><em>A pocos d\u00edas del vencimiento de los denominados \u201cresguardos laborales\u201d, previsto para el 30 de abril, el conflicto docente en Santa Cruz atraviesa uno de sus momentos m\u00e1s sensibles. La incertidumbre por la posible p\u00e9rdida de puestos de trabajo, sumada a la falta de convocatoria a paritarias y la ausencia de respuestas oficiales, profundiza la tensi\u00f3n en el sector.<\/em><\/p>\n\n\n\n<!--more-->\n\n\n\n<p>El dirigente docente Juan Manuel Valent\u00edn advirti\u00f3 que cientos de trabajadores podr\u00edan quedarse sin empleo o sufrir una fuerte reducci\u00f3n de sus ingresos, y cuestion\u00f3 duramente al Gobierno provincial por la falta de definiciones concretas.<\/p>\n\n\n\n<p>\u201cDicen que la educaci\u00f3n est\u00e1 primero, pero evidentemente los trabajadores no somos prioridad\u201d, expres\u00f3.<\/p>\n\n\n\n<p>Seg\u00fan explic\u00f3, el propio Gobierno reconoci\u00f3 la posible ca\u00edda de cerca de 200 cargos y m\u00e1s de 1.600 horas c\u00e1tedra, lo que representar\u00eda otros 200 puestos m\u00e1s afectados. En total, estiman que al menos 400 cargos podr\u00edan desaparecer.<\/p>\n\n\n\n<p>\u201cEstamos hablando de cientos de familias que pueden quedarse sin sustento. Y aunque fueran menos, cada cargo representa una casa, un alquiler, una mesa que sostener\u201d, remarc\u00f3.<\/p>\n\n\n\n<p>Valent\u00edn tambi\u00e9n denunci\u00f3 que el Consejo Provincial de Educaci\u00f3n no entrega las plantas funcionales necesarias para conocer con precisi\u00f3n el verdadero alcance del problema, lo que impide dimensionar con claridad el impacto real sobre los trabajadores.<\/p>\n\n\n\n<p>La preocupaci\u00f3n no pasa solamente por quienes podr\u00edan perder completamente su empleo, sino tambi\u00e9n por quienes ver\u00edan reducidas sus horas c\u00e1tedra o uno de sus cargos, algo que en el contexto actual significa una ca\u00edda salarial dif\u00edcil de sostener.<\/p>\n\n\n\n<p>\u201cPerder un cargo hoy no es una estad\u00edstica. Es no poder pagar el alquiler, no llegar a fin de mes o no sostener una familia. Estamos hablando de personas concretas\u201d, se\u00f1al\u00f3.<\/p>\n\n\n\n<p>Otro de los puntos que agrava el conflicto es la paralizaci\u00f3n de la subcomisi\u00f3n laboral, el espacio donde se ven\u00eda discutiendo la situaci\u00f3n. Desde el sector docente aseguran que el propio Gobierno fue cerrando progresivamente las instancias de di\u00e1logo.<\/p>\n\n\n\n<p>\u201cPasamos de reuniones diarias a semanales, despu\u00e9s quincenales y ahora directamente suspendidas. As\u00ed es imposible resolver cualquier conflicto\u201d, cuestion\u00f3.<\/p>\n\n\n\n<p>A esto se suma la falta de convocatoria a paritarias salariales, un reclamo que sigue vigente y que se profundiza en medio de la inflaci\u00f3n y la p\u00e9rdida del poder adquisitivo.<\/p>\n\n\n\n<p>Desde los gremios insisten en que la discusi\u00f3n no es solamente salarial: la estabilidad laboral se volvi\u00f3 una urgencia inmediata ante la inminencia del vencimiento de los resguardos.<\/p>\n\n\n\n<p>\u201cEl problema no es si son 400 o 1.500. El problema es que hay docentes que se quedan sin trabajo o pierden gran parte de su salario\u201d, insisti\u00f3 Valent\u00edn.<\/p>\n\n\n\n<p>En este escenario, los sindicatos contin\u00faan con medidas de fuerza y acciones conjuntas con otros sectores. Para el D\u00eda del Trabajador ya se prev\u00e9n actividades como ollas populares y actos en distintas localidades de la provincia.<\/p>\n\n\n\n<p>El dirigente tambi\u00e9n vincul\u00f3 la crisis educativa con un contexto econ\u00f3mico m\u00e1s amplio, marcado por la ca\u00edda del empleo en sectores como el petrolero y la construcci\u00f3n.<\/p>\n\n\n\n<p>\u201cNo hay trabajo en el sector privado y el Estado tambi\u00e9n est\u00e1 recortando. Eso genera m\u00e1s desempleo, menos consumo y una situaci\u00f3n social cada vez m\u00e1s delicada\u201d, advirti\u00f3.<\/p>\n\n\n\n<p>Con el 30 de abril cada vez m\u00e1s cerca y sin canales de negociaci\u00f3n activos, el conflicto docente sigue escalando y la incertidumbre crece entre los trabajadores que esperan respuestas urgentes.<\/p>\n","protected":false},"excerpt":{"rendered":"<p>A pocos d\u00edas del vencimiento de los denominados \u201cresguardos laborales\u201d, previsto para el 30 de abril, el conflicto<\/p>\n","protected":false},"author":1,"featured_media":6308,"comment_status":"closed","ping_status":"closed","sticky":false,"template":"","format":"standard","meta":{"footnotes":""},"categories":[1,4],"tags":[],"class_list":["post-6307","post","type-post","status-publish","format-standard","has-post-thumbnail","hentry","category-gremiales","category-politica"],"_links":{"self":[{"href":"https:\/\/notidiario24.com.ar\/portalweb\/wp-json\/wp\/v2\/posts\/6307","targetHints":{"allow":["GET"]}}],"collection":[{"href":"https:\/\/notidiario24.com.ar\/portalweb\/wp-json\/wp\/v2\/posts"}],"about":[{"href":"https:\/\/notidiario24.com.ar\/portalweb\/wp-json\/wp\/v2\/types\/post"}],"author":[{"embeddable":true,"href":"https:\/\/notidiario24.com.ar\/portalweb\/wp-json\/wp\/v2\/users\/1"}],"replies":[{"embeddable":true,"href":"https:\/\/notidiario24.com.ar\/portalweb\/wp-json\/wp\/v2\/comments?post=6307"}],"version-history":[{"count":1,"href":"https:\/\/notidiario24.com.ar\/portalweb\/wp-json\/wp\/v2\/posts\/6307\/revisions"}],"predecessor-version":[{"id":6309,"href":"https:\/\/notidiario24.com.ar\/portalweb\/wp-json\/wp\/v2\/posts\/6307\/revisions\/6309"}],"wp:featuredmedia":[{"embeddable":true,"href":"https:\/\/notidiario24.com.ar\/portalweb\/wp-json\/wp\/v2\/media\/6308"}],"wp:attachment":[{"href":"https:\/\/notidiario24.com.ar\/portalweb\/wp-json\/wp\/v2\/media?parent=6307"}],"wp:term":[{"taxonomy":"category","embeddable":true,"href":"https:\/\/notidiario24.com.ar\/portalweb\/wp-json\/wp\/v2\/categories?post=6307"},{"taxonomy":"post_tag","embeddable":true,"href":"https:\/\/notidiario24.com.ar\/portalweb\/wp-json\/wp\/v2\/tags?post=6307"}],"curies":[{"name":"wp","href":"https:\/\/api.w.org\/{rel}","templated":true}]}}