{"id":6292,"date":"2026-04-28T13:19:16","date_gmt":"2026-04-28T13:19:16","guid":{"rendered":"https:\/\/notidiario24.com.ar\/portalweb\/?p=6292"},"modified":"2026-04-28T13:58:39","modified_gmt":"2026-04-28T13:58:39","slug":"adosac-endurece-el-conflicto-y-anuncia-paro-docente-de-72-horas-en-toda-santa-cruz","status":"publish","type":"post","link":"https:\/\/notidiario24.com.ar\/portalweb\/2026\/04\/28\/adosac-endurece-el-conflicto-y-anuncia-paro-docente-de-72-horas-en-toda-santa-cruz\/","title":{"rendered":"ADOSAC endurece el conflicto y anuncia paro docente de 72 horas en toda Santa Cruz"},"content":{"rendered":"\n<p><em>El conflicto docente en Santa Cruz suma un nuevo cap\u00edtulo. El Congreso Extraordinario de ADOSAC resolvi\u00f3 un paro de 72 horas que se llevar\u00e1 adelante los d\u00edas martes 28, mi\u00e9rcoles 29 y jueves 30 de abril, en reclamo por la falta de convocatoria a paritarias, la ausencia de una recomposici\u00f3n salarial y la creciente preocupaci\u00f3n por la estabilidad laboral.<\/em><\/p>\n\n\n\n<!--more-->\n\n\n\n<p>La medida fue definida por el gremio provincial en medio de un fuerte malestar del sector, que denuncia la falta de respuestas concretas por parte del Gobierno frente a una situaci\u00f3n que, aseguran, se vuelve cada vez m\u00e1s cr\u00edtica para los trabajadores de la educaci\u00f3n.<\/p>\n\n\n\n<p>A trav\u00e9s de un comunicado difundido p\u00fablicamente, ADOSAC resumi\u00f3 los principales puntos del reclamo con una consigna contundente: \u201cSin paritaria, sin aumento salarial, sin estabilidad laboral y con despidos\u201d.<\/p>\n\n\n\n<p>Desde el sindicato se\u00f1alaron que la falta de negociaci\u00f3n salarial y la ausencia de certezas laborales profundizan el conflicto y obligan a sostener medidas de fuerza en defensa de los derechos docentes.<\/p>\n\n\n\n<p>Adem\u00e1s, remarcaron que la situaci\u00f3n actual refleja un escenario de ajuste que impacta de lleno en el sistema educativo y en las condiciones de trabajo de los educadores santacruce\u00f1os.<\/p>\n\n\n\n<p>Bajo esa l\u00ednea, el gremio sostuvo que la decisi\u00f3n de avanzar con un nuevo paro responde a la necesidad de visibilizar el reclamo y reforzar la lucha frente a las pol\u00edticas oficiales.<\/p>\n\n\n\n<p>La medida de fuerza se extender\u00e1 durante tres jornadas consecutivas y afectar\u00e1 el normal dictado de clases en distintos establecimientos educativos de la provincia.<\/p>\n\n\n\n<p>Entre los principales reclamos, ADOSAC insiste en la urgente apertura de paritarias, una actualizaci\u00f3n salarial acorde al contexto econ\u00f3mico y garant\u00edas de estabilidad laboral para los trabajadores de la educaci\u00f3n.<\/p>\n\n\n\n<p>Tambi\u00e9n manifestaron preocupaci\u00f3n por la existencia de despidos, otro de los puntos que el gremio incluy\u00f3 dentro del conflicto y que profundiza el malestar en el sector.<\/p>\n\n\n\n<p>Con este nuevo paro, el sindicato vuelve a marcar distancia con el Gobierno provincial y deja en claro que, sin respuestas concretas, el conflicto docente seguir\u00e1 escalando.<\/p>\n","protected":false},"excerpt":{"rendered":"<p>El conflicto docente en Santa Cruz suma un nuevo cap\u00edtulo. El Congreso Extraordinario de ADOSAC resolvi\u00f3 un paro<\/p>\n","protected":false},"author":1,"featured_media":6293,"comment_status":"closed","ping_status":"closed","sticky":false,"template":"","format":"standard","meta":{"footnotes":""},"categories":[1,4],"tags":[],"class_list":["post-6292","post","type-post","status-publish","format-standard","has-post-thumbnail","hentry","category-gremiales","category-politica"],"_links":{"self":[{"href":"https:\/\/notidiario24.com.ar\/portalweb\/wp-json\/wp\/v2\/posts\/6292","targetHints":{"allow":["GET"]}}],"collection":[{"href":"https:\/\/notidiario24.com.ar\/portalweb\/wp-json\/wp\/v2\/posts"}],"about":[{"href":"https:\/\/notidiario24.com.ar\/portalweb\/wp-json\/wp\/v2\/types\/post"}],"author":[{"embeddable":true,"href":"https:\/\/notidiario24.com.ar\/portalweb\/wp-json\/wp\/v2\/users\/1"}],"replies":[{"embeddable":true,"href":"https:\/\/notidiario24.com.ar\/portalweb\/wp-json\/wp\/v2\/comments?post=6292"}],"version-history":[{"count":2,"href":"https:\/\/notidiario24.com.ar\/portalweb\/wp-json\/wp\/v2\/posts\/6292\/revisions"}],"predecessor-version":[{"id":6298,"href":"https:\/\/notidiario24.com.ar\/portalweb\/wp-json\/wp\/v2\/posts\/6292\/revisions\/6298"}],"wp:featuredmedia":[{"embeddable":true,"href":"https:\/\/notidiario24.com.ar\/portalweb\/wp-json\/wp\/v2\/media\/6293"}],"wp:attachment":[{"href":"https:\/\/notidiario24.com.ar\/portalweb\/wp-json\/wp\/v2\/media?parent=6292"}],"wp:term":[{"taxonomy":"category","embeddable":true,"href":"https:\/\/notidiario24.com.ar\/portalweb\/wp-json\/wp\/v2\/categories?post=6292"},{"taxonomy":"post_tag","embeddable":true,"href":"https:\/\/notidiario24.com.ar\/portalweb\/wp-json\/wp\/v2\/tags?post=6292"}],"curies":[{"name":"wp","href":"https:\/\/api.w.org\/{rel}","templated":true}]}}