{"id":6289,"date":"2026-04-28T13:16:40","date_gmt":"2026-04-28T13:16:40","guid":{"rendered":"https:\/\/notidiario24.com.ar\/portalweb\/?p=6289"},"modified":"2026-04-28T13:58:46","modified_gmt":"2026-04-28T13:58:46","slug":"la-capital-santacrucena-se-convierte-en-epicentro-legislativo-con-el-8-encuentro-de-concejos-deliberantes","status":"publish","type":"post","link":"https:\/\/notidiario24.com.ar\/portalweb\/2026\/04\/28\/la-capital-santacrucena-se-convierte-en-epicentro-legislativo-con-el-8-encuentro-de-concejos-deliberantes\/","title":{"rendered":"La capital santacruce\u00f1a se convierte en epicentro legislativo con el 8\u00b0 Encuentro de Concejos Deliberantes"},"content":{"rendered":"\n<p><em>R\u00edo Gallegos volvi\u00f3 a posicionarse en el centro de la agenda institucional del pa\u00eds al convertirse en sede del 8\u00b0 Encuentro de Concejos Deliberantes de la Argentina, una convocatoria que re\u00fane a m\u00e1s de 30 delegaciones y m\u00e1s de 80 concejales de distintas provincias.<\/em><\/p>\n\n\n\n<!--more-->\n\n\n\n<p>La actividad comenz\u00f3 este lunes y se desarrolla durante dos jornadas intensas de trabajo en el marco del programa Legislaturas Conectadas, una iniciativa nacional que impulsa el intercambio de experiencias, el fortalecimiento parlamentario y la construcci\u00f3n de pol\u00edticas p\u00fablicas desde una mirada federal.<\/p>\n\n\n\n<p>Presidentes de concejos deliberantes, concejales, vicepresidentes, secretarios legislativos, asesores, equipos de comunicaci\u00f3n y autoridades administrativas participan de este espacio que busca fortalecer el v\u00ednculo entre los cuerpos legislativos locales y promover soluciones comunes a problem\u00e1ticas compartidas.<\/p>\n\n\n\n<p>El acto de apertura estuvo encabezado por la presidenta del Honorable Concejo Deliberante de R\u00edo Gallegos, Daniela D\u2019Amico, junto a la coordinadora general de Legislaturas Conectadas, Julieta Aldea, dando inicio a una agenda marcada por el debate, la capacitaci\u00f3n y el trabajo colaborativo entre representantes de todo el pa\u00eds.<\/p>\n\n\n\n<p>Desde el Concejo Deliberante local destacaron la importancia de que la capital santacruce\u00f1a sea anfitriona de un encuentro de esta magnitud, no solo por el impacto institucional, sino tambi\u00e9n por el valor simb\u00f3lico de consolidar a R\u00edo Gallegos como un punto estrat\u00e9gico para el di\u00e1logo federal.<\/p>\n\n\n\n<p>El programa Legislaturas Conectadas articula redes interparlamentarias que vinculan a los poderes legislativos de Argentina y la regi\u00f3n, promoviendo principios como el federalismo, la democracia, el respeto institucional y el pluralismo ideol\u00f3gico.<\/p>\n\n\n\n<p>Entre las provincias representadas se encuentran Chubut, C\u00f3rdoba, Corrientes, Formosa, Jujuy, Neuqu\u00e9n, R\u00edo Negro, Salta, San Juan, San Luis, Santa Cruz, Tierra del Fuego y Tucum\u00e1n, entre otras delegaciones que llegaron para participar de las jornadas.<\/p>\n\n\n\n<p>En el caso de Santa Cruz, forman parte concejales y autoridades de Caleta Olivia, El Chalt\u00e9n, Gobernador Gregores, Las Heras, Perito Moreno, Piedra Buena, Puerto Deseado, Puerto San Juli\u00e1n, Puerto Santa Cruz, R\u00edo Gallegos, R\u00edo Turbio y 28 de Noviembre, reforzando as\u00ed el fuerte perfil provincial de la convocatoria.<\/p>\n\n\n\n<p>La primera jornada tiene como eje principal la salud mental, con exposiciones de especialistas, espacios de consulta, trabajo en equipos y conclusiones compartidas que permiten enriquecer el abordaje legislativo sobre una de las problem\u00e1ticas m\u00e1s sensibles de la actualidad.<\/p>\n\n\n\n<p>La segunda jornada estar\u00e1 enfocada en movilidad urbana, con nuevas mesas de trabajo orientadas a pensar herramientas concretas para mejorar la planificaci\u00f3n de las ciudades y fortalecer la cercan\u00eda entre las instituciones y la comunidad.<\/p>\n\n\n\n<p>Durante todo el encuentro se desarrollan paneles, mesas de debate e instancias de intercambio que buscan consolidar una agenda com\u00fan entre los concejos deliberantes del pa\u00eds, con el objetivo de transformar experiencias compartidas en respuestas concretas para cada comunidad.<\/p>\n","protected":false},"excerpt":{"rendered":"<p>R\u00edo Gallegos volvi\u00f3 a posicionarse en el centro de la agenda institucional del pa\u00eds al convertirse en sede<\/p>\n","protected":false},"author":1,"featured_media":6290,"comment_status":"closed","ping_status":"closed","sticky":false,"template":"","format":"standard","meta":{"footnotes":""},"categories":[4],"tags":[],"class_list":["post-6289","post","type-post","status-publish","format-standard","has-post-thumbnail","hentry","category-politica"],"_links":{"self":[{"href":"https:\/\/notidiario24.com.ar\/portalweb\/wp-json\/wp\/v2\/posts\/6289","targetHints":{"allow":["GET"]}}],"collection":[{"href":"https:\/\/notidiario24.com.ar\/portalweb\/wp-json\/wp\/v2\/posts"}],"about":[{"href":"https:\/\/notidiario24.com.ar\/portalweb\/wp-json\/wp\/v2\/types\/post"}],"author":[{"embeddable":true,"href":"https:\/\/notidiario24.com.ar\/portalweb\/wp-json\/wp\/v2\/users\/1"}],"replies":[{"embeddable":true,"href":"https:\/\/notidiario24.com.ar\/portalweb\/wp-json\/wp\/v2\/comments?post=6289"}],"version-history":[{"count":2,"href":"https:\/\/notidiario24.com.ar\/portalweb\/wp-json\/wp\/v2\/posts\/6289\/revisions"}],"predecessor-version":[{"id":6299,"href":"https:\/\/notidiario24.com.ar\/portalweb\/wp-json\/wp\/v2\/posts\/6289\/revisions\/6299"}],"wp:featuredmedia":[{"embeddable":true,"href":"https:\/\/notidiario24.com.ar\/portalweb\/wp-json\/wp\/v2\/media\/6290"}],"wp:attachment":[{"href":"https:\/\/notidiario24.com.ar\/portalweb\/wp-json\/wp\/v2\/media?parent=6289"}],"wp:term":[{"taxonomy":"category","embeddable":true,"href":"https:\/\/notidiario24.com.ar\/portalweb\/wp-json\/wp\/v2\/categories?post=6289"},{"taxonomy":"post_tag","embeddable":true,"href":"https:\/\/notidiario24.com.ar\/portalweb\/wp-json\/wp\/v2\/tags?post=6289"}],"curies":[{"name":"wp","href":"https:\/\/api.w.org\/{rel}","templated":true}]}}