{"id":6286,"date":"2026-04-28T12:16:25","date_gmt":"2026-04-28T12:16:25","guid":{"rendered":"https:\/\/notidiario24.com.ar\/portalweb\/?p=6286"},"modified":"2026-04-28T14:55:50","modified_gmt":"2026-04-28T14:55:50","slug":"chute-cruzo-a-ambiente-no-hubo-orden-de-clausura-y-el-traslado-no-se-resuelve-con-amenazas","status":"publish","type":"post","link":"https:\/\/notidiario24.com.ar\/portalweb\/2026\/04\/28\/chute-cruzo-a-ambiente-no-hubo-orden-de-clausura-y-el-traslado-no-se-resuelve-con-amenazas\/","title":{"rendered":"Chute cruz\u00f3 a Ambiente: \u201cNo hubo orden de clausura y el traslado no se resuelve con amenazas\u201d"},"content":{"rendered":"\n<p><em>El conflicto por el vaciadero municipal de R\u00edo Gallegos sum\u00f3 un nuevo cap\u00edtulo luego de que circulara la versi\u00f3n de una supuesta clausura inminente y un plazo de 20 d\u00edas para trasladar el predio. Desde el Municipio salieron a desmentir esa informaci\u00f3n y aseguraron que la Justicia \u00fanicamente solicit\u00f3 un informe actualizado sobre la situaci\u00f3n del lugar.<\/em><\/p>\n\n\n\n<!--more-->\n\n\n\n<p>El secretario de Gesti\u00f3n Legal y T\u00e9cnica, Gonzalo Chute, explic\u00f3 en di\u00e1logo con un medio local que el juez Marcelo Bersanelli no orden\u00f3 ni la clausura ni el traslado inmediato del vaciadero, sino que requiri\u00f3 un detalle t\u00e9cnico dentro del marco del amparo ambiental que se viene siguiendo desde hace a\u00f1os.<\/p>\n\n\n\n<p>Seg\u00fan indic\u00f3, este tipo de informes son habituales y forman parte del control judicial sobre el avance del proceso que apunta al traslado definitivo del vaciadero.<\/p>\n\n\n\n<p>\u201cLo que se busca es conocer c\u00f3mo se avanza hacia la soluci\u00f3n final. No existe ninguna orden de clausura ni un plazo de 20 d\u00edas para trasladarlo. Incluso se le pidi\u00f3 al Gobierno provincial que se abstenga de aplicar sanciones hasta que se presente ese informe\u201d, sostuvo.<\/p>\n\n\n\n<p>Chute remarc\u00f3 que el objetivo de trasladar el vaciadero existe y es compartido, pero advirti\u00f3 que hacerlo sin planificaci\u00f3n ni inversi\u00f3n adecuada podr\u00eda terminar generando un problema ambiental a\u00fan m\u00e1s grave.<\/p>\n\n\n\n<p>Explic\u00f3 que antes de cualquier traslado es indispensable reemplazar la actual cinta de separaci\u00f3n de residuos, una necesidad que \u2014seg\u00fan se\u00f1al\u00f3\u2014 ya fue analizada t\u00e9cnicamente junto a la Secretar\u00eda de Ambiente durante gestiones anteriores.<\/p>\n\n\n\n<p>Adem\u00e1s, record\u00f3 que desde 2008 existen estudios sobre el funcionamiento del vaciadero y que esos informes fueron ampliados a trav\u00e9s del programa Ciudades Sostenibles, desarrollado entre la Municipalidad, el Gobierno provincial y la empresa CGC entre 2021 y 2023.<\/p>\n\n\n\n<p>De ese trabajo surgi\u00f3 la conclusi\u00f3n de que para una disposici\u00f3n final real y sustentable en el lote 113 se necesita una nueva planta de tratamiento con capacidad superior a las 200 toneladas, equipada con procesos mec\u00e1nicos, biol\u00f3gicos, briquetado y enfardado final.<\/p>\n\n\n\n<p>La inversi\u00f3n estimada para esa infraestructura ronda los 52 millones de d\u00f3lares.<\/p>\n\n\n\n<p>\u201cEl problema no se resuelve llevando basura cruda de un lugar a otro. Si se hace eso, el relleno sanitario termina convirti\u00e9ndose en otro basural a cielo abierto, generando un pasivo ambiental todav\u00eda m\u00e1s grave\u201d, advirti\u00f3.<\/p>\n\n\n\n<p>Aunque reconoci\u00f3 que el contexto econ\u00f3mico actual dificulta una inversi\u00f3n de esa magnitud, insisti\u00f3 en que existen alternativas posibles, como l\u00edneas de financiamiento internacional destinadas espec\u00edficamente a la erradicaci\u00f3n de basurales.<\/p>\n\n\n\n<p>En ese sentido, mencion\u00f3 la posibilidad de acceder a cr\u00e9ditos blandos de organismos como el BID y cuestion\u00f3 la falta de acompa\u00f1amiento por parte de la Secretar\u00eda de Ambiente provincial.<\/p>\n\n\n\n<p>\u201cNuestro planteo siempre fue encontrar una salida conjunta y seguir trabajando entre todos. Lamentablemente, la actitud del secretario de Ambiente ha sido bastante negativa en ese sentido\u201d, expres\u00f3.<\/p>\n\n\n\n<p>Finalmente, Chute insisti\u00f3 en que el Municipio mantiene firme el objetivo de trasladar el vaciadero, pero remarc\u00f3 que esa soluci\u00f3n debe construirse con respaldo t\u00e9cnico, inversi\u00f3n real y trabajo coordinado, no desde la confrontaci\u00f3n ni con decisiones improvisadas.<\/p>\n","protected":false},"excerpt":{"rendered":"<p>El conflicto por el vaciadero municipal de R\u00edo Gallegos sum\u00f3 un nuevo cap\u00edtulo luego de que circulara la<\/p>\n","protected":false},"author":1,"featured_media":6287,"comment_status":"closed","ping_status":"closed","sticky":false,"template":"","format":"standard","meta":{"footnotes":""},"categories":[4],"tags":[],"class_list":["post-6286","post","type-post","status-publish","format-standard","has-post-thumbnail","hentry","category-politica"],"_links":{"self":[{"href":"https:\/\/notidiario24.com.ar\/portalweb\/wp-json\/wp\/v2\/posts\/6286","targetHints":{"allow":["GET"]}}],"collection":[{"href":"https:\/\/notidiario24.com.ar\/portalweb\/wp-json\/wp\/v2\/posts"}],"about":[{"href":"https:\/\/notidiario24.com.ar\/portalweb\/wp-json\/wp\/v2\/types\/post"}],"author":[{"embeddable":true,"href":"https:\/\/notidiario24.com.ar\/portalweb\/wp-json\/wp\/v2\/users\/1"}],"replies":[{"embeddable":true,"href":"https:\/\/notidiario24.com.ar\/portalweb\/wp-json\/wp\/v2\/comments?post=6286"}],"version-history":[{"count":2,"href":"https:\/\/notidiario24.com.ar\/portalweb\/wp-json\/wp\/v2\/posts\/6286\/revisions"}],"predecessor-version":[{"id":6300,"href":"https:\/\/notidiario24.com.ar\/portalweb\/wp-json\/wp\/v2\/posts\/6286\/revisions\/6300"}],"wp:featuredmedia":[{"embeddable":true,"href":"https:\/\/notidiario24.com.ar\/portalweb\/wp-json\/wp\/v2\/media\/6287"}],"wp:attachment":[{"href":"https:\/\/notidiario24.com.ar\/portalweb\/wp-json\/wp\/v2\/media?parent=6286"}],"wp:term":[{"taxonomy":"category","embeddable":true,"href":"https:\/\/notidiario24.com.ar\/portalweb\/wp-json\/wp\/v2\/categories?post=6286"},{"taxonomy":"post_tag","embeddable":true,"href":"https:\/\/notidiario24.com.ar\/portalweb\/wp-json\/wp\/v2\/tags?post=6286"}],"curies":[{"name":"wp","href":"https:\/\/api.w.org\/{rel}","templated":true}]}}