{"id":6281,"date":"2026-04-28T02:14:36","date_gmt":"2026-04-28T02:14:36","guid":{"rendered":"https:\/\/notidiario24.com.ar\/portalweb\/?p=6281"},"modified":"2026-04-28T02:14:36","modified_gmt":"2026-04-28T02:14:36","slug":"el-gobierno-promulgo-la-reforma-de-la-ley-de-glaciares-que-cambia-y-por-que-importa","status":"publish","type":"post","link":"https:\/\/notidiario24.com.ar\/portalweb\/2026\/04\/28\/el-gobierno-promulgo-la-reforma-de-la-ley-de-glaciares-que-cambia-y-por-que-importa\/","title":{"rendered":"El Gobierno promulg\u00f3 la reforma de la Ley de Glaciares: qu\u00e9 cambia y por qu\u00e9 importa"},"content":{"rendered":"\n<p><em>El Poder Ejecutivo Nacional promulg\u00f3 este viernes la nueva Ley de Glaciares N.\u00ba 27.804 mediante el decreto 271\/2026, publicado en el Bolet\u00edn Oficial. La norma ya se encuentra vigente.<\/em><\/p>\n\n\n\n<!--more-->\n\n\n\n<figure class=\"wp-block-image size-large is-resized\"><img loading=\"lazy\" decoding=\"async\" width=\"1024\" height=\"333\" src=\"https:\/\/notidiario24.com.ar\/portalweb\/wp-content\/uploads\/2026\/04\/anahi_zavala-1024x333.png\" alt=\"\" class=\"wp-image-6282\" style=\"aspect-ratio:3.072;width:527px;height:auto\" srcset=\"https:\/\/notidiario24.com.ar\/portalweb\/wp-content\/uploads\/2026\/04\/anahi_zavala-1024x333.png 1024w, https:\/\/notidiario24.com.ar\/portalweb\/wp-content\/uploads\/2026\/04\/anahi_zavala-300x98.png 300w, https:\/\/notidiario24.com.ar\/portalweb\/wp-content\/uploads\/2026\/04\/anahi_zavala-768x250.png 768w, https:\/\/notidiario24.com.ar\/portalweb\/wp-content\/uploads\/2026\/04\/anahi_zavala-1536x500.png 1536w, https:\/\/notidiario24.com.ar\/portalweb\/wp-content\/uploads\/2026\/04\/anahi_zavala-2048x667.png 2048w\" sizes=\"auto, (max-width: 1024px) 100vw, 1024px\" \/><\/figure>\n\n\n\n<p>&#8212;&#8212;&#8212;&#8212;&#8212;&#8212;&#8212;&#8212;&#8212;&#8212;&#8212;&#8212;&#8212;&#8212;&#8212;&#8212;&#8212;&#8212;&#8212;&#8212;&#8212;&#8212;&#8212;&#8212;&#8212;&#8212;&#8212;&#8212;&#8212;&#8212;&#8212;&#8212;&#8212;&#8212;&#8212;-<\/p>\n\n\n\n<p>La reforma hab\u00eda sido aprobada por el Congreso el pasado 8 de abril, con 137 votos a favor, 111 en contra y 3 abstenciones, en una sesi\u00f3n marcada por protestas de sectores ambientales.<\/p>\n\n\n\n<p><strong>\u00bfQu\u00e9 regula esta ley?<\/strong><\/p>\n\n\n\n<p>La norma modifica el r\u00e9gimen de presupuestos m\u00ednimos de protecci\u00f3n de glaciares y ambiente periglacial establecido por la Ley N.\u00ba 26.639 (vigente desde 2010).<\/p>\n\n\n\n<p>En t\u00e9rminos simples, estas leyes fijan el nivel b\u00e1sico de protecci\u00f3n ambiental que deben respetar todas las provincias.<\/p>\n\n\n\n<p><strong>Cambio central: menor alcance en la protecci\u00f3n<\/strong><\/p>\n\n\n\n<p>Aunque el objetivo formal de protecci\u00f3n se mantiene, el criterio para definir qu\u00e9 se protege cambia de manera significativa.<\/p>\n\n\n\n<p><strong>Antes (ley 2010): <\/strong>se proteg\u00edan los glaciares y el ambiente periglacial como reservas estrat\u00e9gicas, especialmente por su valor como fuentes de agua.<\/p>\n\n\n\n<p><br><strong>Ahora (reforma 2026): <\/strong>solo se proteger\u00e1n aquellos que cumplan una \u201cfunci\u00f3n h\u00eddrica efectiva y relevante\u201d.<\/p>\n\n\n\n<p>Esto implica que algunas zonas antes protegidas podr\u00edan dejar de estarlo, dependiendo de c\u00f3mo se interprete ese criterio.<\/p>\n\n\n\n<p><strong>Qui\u00e9n decide: de organismos t\u00e9cnicos a provincias<\/strong><\/p>\n\n\n\n<p><strong>Otro cambio importante es qui\u00e9n define qu\u00e9 \u00e1reas est\u00e1n protegidas:<\/strong><\/p>\n\n\n\n<p>Antes, el rol principal lo ten\u00eda el Instituto Argentino de Nivolog\u00eda, Glaciolog\u00eda y Ciencias Ambientales (IANIGLA), con base cient\u00edfica.<br>Ahora, esa evaluaci\u00f3n queda en manos de las autoridades provinciales.<\/p>\n\n\n\n<p>El IANIGLA seguir\u00e1 existiendo, pero su funci\u00f3n pasa a ser m\u00e1s limitada: actualizar el Inventario Nacional con informaci\u00f3n que le env\u00eden las provincias.<\/p>\n\n\n\n<p><strong>Actividades econ\u00f3micas: m\u00e1s margen de autorizaci\u00f3n<\/strong><\/p>\n\n\n\n<p>La reforma tambi\u00e9n modifica las restricciones a actividades productivas (como miner\u00eda o industria) en zonas protegidas.<\/p>\n\n\n\n<p>Se mantiene la prohibici\u00f3n, pero solo cuando haya una \u201calteraci\u00f3n relevante\u201d del ambiente.<br>Ese concepto no est\u00e1 definido con precisi\u00f3n y queda sujeto a interpretaci\u00f3n de cada provincia.<\/p>\n\n\n\n<p>En la pr\u00e1ctica, esto puede habilitar mayores m\u00e1rgenes para proyectos econ\u00f3micos en \u00e1reas antes restringidas.<\/p>\n\n\n\n<p><strong>Debate jur\u00eddico y ambiental<\/strong><\/p>\n\n\n\n<p>El cambio gener\u00f3 cuestionamientos desde distintos sectores. Uno de los puntos de discusi\u00f3n es su compatibilidad con principios del Acuerdo de Escaz\u00fa, como: el principio de no regresi\u00f3n ambiental (no reducir niveles de protecci\u00f3n ya alcanzados), y el de progresividad.<\/p>\n\n\n\n<p>Organizaciones ambientalistas, como Greenpeace, advirtieron que la flexibilizaci\u00f3n podr\u00eda afectar glaciares de manera irreversible y comprometer el acceso al agua en el futuro, especialmente en regiones con estr\u00e9s h\u00eddrico.<\/p>\n\n\n\n<p><strong>Por qu\u00e9 importa<\/strong><\/p>\n\n\n\n<p>Los glaciares son reservas clave de agua dulce. Por eso, cualquier cambio en su nivel de protecci\u00f3n tiene impacto no solo ambiental, sino tambi\u00e9n econ\u00f3mico y social.<\/p>\n\n\n\n<p><strong>La reforma abre un nuevo escenario donde:<\/strong><\/p>\n\n\n\n<p>aumenta el rol de las provincias en decisiones ambientales, se flexibilizan ciertos controles, y probablemente crezca la judicializaci\u00f3n para definir los alcances de la ley.<\/p>\n","protected":false},"excerpt":{"rendered":"<p>El Poder Ejecutivo Nacional promulg\u00f3 este viernes la nueva Ley de Glaciares N.\u00ba 27.804 mediante el decreto 271\/2026,<\/p>\n","protected":false},"author":1,"featured_media":6283,"comment_status":"closed","ping_status":"closed","sticky":false,"template":"","format":"standard","meta":{"footnotes":""},"categories":[9],"tags":[],"class_list":["post-6281","post","type-post","status-publish","format-standard","has-post-thumbnail","hentry","category-editorial"],"_links":{"self":[{"href":"https:\/\/notidiario24.com.ar\/portalweb\/wp-json\/wp\/v2\/posts\/6281","targetHints":{"allow":["GET"]}}],"collection":[{"href":"https:\/\/notidiario24.com.ar\/portalweb\/wp-json\/wp\/v2\/posts"}],"about":[{"href":"https:\/\/notidiario24.com.ar\/portalweb\/wp-json\/wp\/v2\/types\/post"}],"author":[{"embeddable":true,"href":"https:\/\/notidiario24.com.ar\/portalweb\/wp-json\/wp\/v2\/users\/1"}],"replies":[{"embeddable":true,"href":"https:\/\/notidiario24.com.ar\/portalweb\/wp-json\/wp\/v2\/comments?post=6281"}],"version-history":[{"count":1,"href":"https:\/\/notidiario24.com.ar\/portalweb\/wp-json\/wp\/v2\/posts\/6281\/revisions"}],"predecessor-version":[{"id":6284,"href":"https:\/\/notidiario24.com.ar\/portalweb\/wp-json\/wp\/v2\/posts\/6281\/revisions\/6284"}],"wp:featuredmedia":[{"embeddable":true,"href":"https:\/\/notidiario24.com.ar\/portalweb\/wp-json\/wp\/v2\/media\/6283"}],"wp:attachment":[{"href":"https:\/\/notidiario24.com.ar\/portalweb\/wp-json\/wp\/v2\/media?parent=6281"}],"wp:term":[{"taxonomy":"category","embeddable":true,"href":"https:\/\/notidiario24.com.ar\/portalweb\/wp-json\/wp\/v2\/categories?post=6281"},{"taxonomy":"post_tag","embeddable":true,"href":"https:\/\/notidiario24.com.ar\/portalweb\/wp-json\/wp\/v2\/tags?post=6281"}],"curies":[{"name":"wp","href":"https:\/\/api.w.org\/{rel}","templated":true}]}}