{"id":5944,"date":"2026-03-16T04:23:33","date_gmt":"2026-03-16T04:23:33","guid":{"rendered":"https:\/\/notidiario24.com.ar\/portalweb\/?p=5944"},"modified":"2026-03-16T04:23:33","modified_gmt":"2026-03-16T04:23:33","slug":"caleta-olivia-aparicio-cuestiono-el-discurso-del-intendente-y-advirtio-por-la-crisis-social-y-economica","status":"publish","type":"post","link":"https:\/\/notidiario24.com.ar\/portalweb\/2026\/03\/16\/caleta-olivia-aparicio-cuestiono-el-discurso-del-intendente-y-advirtio-por-la-crisis-social-y-economica\/","title":{"rendered":"Caleta Olivia: Aparicio cuestion\u00f3 el discurso del intendente y advirti\u00f3 por la crisis social y econ\u00f3mica"},"content":{"rendered":"\n<p>El concejal <strong>Carlos Aparicio<\/strong> analiz\u00f3 el discurso de apertura de sesiones del intendente de <strong>Caleta Olivia<\/strong> y expres\u00f3 su preocupaci\u00f3n por la situaci\u00f3n social, econ\u00f3mica y de seguridad que atraviesa la ciudad.<\/p>\n\n\n\n<!--more-->\n\n\n\n<p>Durante una entrevista radial en el programa <em>La Veda es Bella<\/em>, que se emite por <strong>Tiempo FM 97.5<\/strong>, el edil sostuvo que el mensaje del jefe comunal fue \u201cm\u00e1s realista\u201d que el del a\u00f1o pasado, aunque consider\u00f3 que result\u00f3 insuficiente frente a los problemas estructurales que afectan a la localidad.<\/p>\n\n\n\n<p>Aparicio se\u00f1al\u00f3 que en el discurso quedaron afuera temas centrales para la vida cotidiana de los vecinos, como la inseguridad, el desempleo y la falta de perspectivas laborales. En ese sentido, afirm\u00f3 que en la zona norte de la provincia se percibe \u201cuna sensaci\u00f3n de desolaci\u00f3n en muchas familias\u201d producto de la crisis econ\u00f3mica y la falta de oportunidades.<\/p>\n\n\n\n<p>El concejal tambi\u00e9n remarc\u00f3 que la ciudad contin\u00faa sintiendo el impacto de la salida de <strong>YPF<\/strong>, que durante d\u00e9cadas fue uno de los motores del desarrollo local. Seg\u00fan indic\u00f3, esa situaci\u00f3n afecta tanto a los comerciantes como a los trabajadores municipales, quienes adem\u00e1s reclaman una recomposici\u00f3n salarial pendiente del 15%.<\/p>\n\n\n\n<p>En materia de seguridad, Aparicio advirti\u00f3 sobre un aumento de los hechos de violencia en los \u00faltimos a\u00f1os y plante\u00f3 la necesidad de tomar decisiones urgentes para enfrentar la problem\u00e1tica. En ese marco, record\u00f3 que el <strong>Concejo Deliberante<\/strong> aprob\u00f3 herramientas como la creaci\u00f3n de una Guardia Urbana y una ordenanza de emergencia en seguridad, aunque esta \u00faltima fue vetada por el Ejecutivo municipal.<\/p>\n\n\n\n<p>Asimismo, el edil expres\u00f3 preocupaci\u00f3n por la crisis del sector comercial, donde \u2014seg\u00fan se\u00f1al\u00f3\u2014 contin\u00faan cerrando negocios hist\u00f3ricos debido a la ca\u00edda del consumo. Por ese motivo, adelant\u00f3 que desde el Concejo impulsan la declaraci\u00f3n de emergencia comercial para intentar acompa\u00f1ar al sector.<\/p>\n\n\n\n<p>Finalmente, Aparicio sostuvo que desde su banca continuar\u00e1 trabajando junto a vecinos y organizaciones de la ciudad en distintas iniciativas sociales, entre ellas proyectos vinculados a la inclusi\u00f3n y al acompa\u00f1amiento de familias de personas con discapacidad y con <strong>Trastorno del Espectro Autista<\/strong>, con el objetivo de construir una ciudad m\u00e1s inclusiva.<\/p>\n","protected":false},"excerpt":{"rendered":"<p>El concejal Carlos Aparicio analiz\u00f3 el discurso de apertura de sesiones del intendente de Caleta Olivia y expres\u00f3<\/p>\n","protected":false},"author":1,"featured_media":5945,"comment_status":"closed","ping_status":"closed","sticky":false,"template":"","format":"standard","meta":{"footnotes":""},"categories":[4],"tags":[],"class_list":["post-5944","post","type-post","status-publish","format-standard","has-post-thumbnail","hentry","category-politica"],"_links":{"self":[{"href":"https:\/\/notidiario24.com.ar\/portalweb\/wp-json\/wp\/v2\/posts\/5944","targetHints":{"allow":["GET"]}}],"collection":[{"href":"https:\/\/notidiario24.com.ar\/portalweb\/wp-json\/wp\/v2\/posts"}],"about":[{"href":"https:\/\/notidiario24.com.ar\/portalweb\/wp-json\/wp\/v2\/types\/post"}],"author":[{"embeddable":true,"href":"https:\/\/notidiario24.com.ar\/portalweb\/wp-json\/wp\/v2\/users\/1"}],"replies":[{"embeddable":true,"href":"https:\/\/notidiario24.com.ar\/portalweb\/wp-json\/wp\/v2\/comments?post=5944"}],"version-history":[{"count":1,"href":"https:\/\/notidiario24.com.ar\/portalweb\/wp-json\/wp\/v2\/posts\/5944\/revisions"}],"predecessor-version":[{"id":5946,"href":"https:\/\/notidiario24.com.ar\/portalweb\/wp-json\/wp\/v2\/posts\/5944\/revisions\/5946"}],"wp:featuredmedia":[{"embeddable":true,"href":"https:\/\/notidiario24.com.ar\/portalweb\/wp-json\/wp\/v2\/media\/5945"}],"wp:attachment":[{"href":"https:\/\/notidiario24.com.ar\/portalweb\/wp-json\/wp\/v2\/media?parent=5944"}],"wp:term":[{"taxonomy":"category","embeddable":true,"href":"https:\/\/notidiario24.com.ar\/portalweb\/wp-json\/wp\/v2\/categories?post=5944"},{"taxonomy":"post_tag","embeddable":true,"href":"https:\/\/notidiario24.com.ar\/portalweb\/wp-json\/wp\/v2\/tags?post=5944"}],"curies":[{"name":"wp","href":"https:\/\/api.w.org\/{rel}","templated":true}]}}