{"id":5941,"date":"2026-03-16T04:18:31","date_gmt":"2026-03-16T04:18:31","guid":{"rendered":"https:\/\/notidiario24.com.ar\/portalweb\/?p=5941"},"modified":"2026-03-16T04:18:31","modified_gmt":"2026-03-16T04:18:31","slug":"comenzo-la-organizacion-de-la-5-caravana-de-antorchas-por-la-vigilia-de-malvinas-2026","status":"publish","type":"post","link":"https:\/\/notidiario24.com.ar\/portalweb\/2026\/03\/16\/comenzo-la-organizacion-de-la-5-caravana-de-antorchas-por-la-vigilia-de-malvinas-2026\/","title":{"rendered":"Comenz\u00f3 la organizaci\u00f3n de la 5\u00b0 Caravana de Antorchas por la Vigilia de Malvinas 2026"},"content":{"rendered":"\n<p>En <strong>R\u00edo Gallegos<\/strong> se llev\u00f3 adelante una reuni\u00f3n informativa y de trabajo para comenzar con la organizaci\u00f3n de la <strong>5\u00b0 Caravana de Antorchas por la Vigilia de Malvinas 2026<\/strong>, una iniciativa que cada a\u00f1o convoca a vecinos, instituciones y ex combatientes con el objetivo de mantener viva la memoria y el reconocimiento a quienes defendieron la soberan\u00eda argentina en el Atl\u00e1ntico Sur.<\/p>\n\n\n\n<!--more-->\n\n\n\n<p>El encuentro reuni\u00f3 a H\u00e9roes de Malvinas de la <strong>Asociaci\u00f3n Centro de Veteranos de Guerra de Malvinas Jos\u00e9 Honorio Ortega<\/strong> y del <strong>Departamento H\u00e9roes de Malvinas MRG<\/strong>, adem\u00e1s de representantes de asociaciones civiles, agrupaciones comunitarias y autoridades municipales.<\/p>\n\n\n\n<p>En representaci\u00f3n de la <strong>Municipalidad de R\u00edo Gallegos<\/strong> particip\u00f3 el Director General de Seguridad, <strong>Juan Rojas<\/strong>, quien acompa\u00f1\u00f3 el encuentro y aport\u00f3 propuestas para la planificaci\u00f3n de esta nueva edici\u00f3n de la tradicional caravana.<\/p>\n\n\n\n<p>Durante la reuni\u00f3n se avanz\u00f3 en distintos aspectos organizativos con el objetivo de que, una vez m\u00e1s, la caravana se convierta en <strong>una gran traves\u00eda colectiva<\/strong>, como viene sucediendo en los \u00faltimos a\u00f1os, reafirmando el compromiso de la comunidad con la causa Malvinas y el homenaje permanente a los veteranos de guerra.<\/p>\n\n\n\n<p>La jornada tambi\u00e9n tuvo un momento especialmente emotivo cuando los ex combatientes compartieron con los presentes <strong>recuerdos y experiencias personales de la guerra<\/strong>, generando un clima de profundo respeto y reflexi\u00f3n entre quienes participaron del encuentro.<\/p>\n\n\n\n<p>Adem\u00e1s, se defini\u00f3 que <strong>la edici\u00f3n 2026 de la Caravana de Antorchas ser\u00e1 en homenaje a Fernando Alturria<\/strong>, recordado referente de la causa Malvinas en la ciudad, quien dej\u00f3 un fuerte legado de malvinizaci\u00f3n, compromiso y trabajo por mantener viva la memoria hist\u00f3rica.<\/p>\n\n\n\n<p>La organizaci\u00f3n del encuentro estuvo impulsada por la <strong>Junta Vecinal Ayres Argentinos<\/strong>, que contin\u00faa trabajando junto a instituciones y vecinos para que esta nueva edici\u00f3n vuelva a reunir a la comunidad en una vigilia cargada de memoria, respeto y patriotismo. \ud83c\udde6\ud83c\uddf7\ud83d\udd25<\/p>\n","protected":false},"excerpt":{"rendered":"<p>En R\u00edo Gallegos se llev\u00f3 adelante una reuni\u00f3n informativa y de trabajo para comenzar con la organizaci\u00f3n de<\/p>\n","protected":false},"author":1,"featured_media":5942,"comment_status":"closed","ping_status":"closed","sticky":false,"template":"","format":"standard","meta":{"footnotes":""},"categories":[3],"tags":[],"class_list":["post-5941","post","type-post","status-publish","format-standard","has-post-thumbnail","hentry","category-generales"],"_links":{"self":[{"href":"https:\/\/notidiario24.com.ar\/portalweb\/wp-json\/wp\/v2\/posts\/5941","targetHints":{"allow":["GET"]}}],"collection":[{"href":"https:\/\/notidiario24.com.ar\/portalweb\/wp-json\/wp\/v2\/posts"}],"about":[{"href":"https:\/\/notidiario24.com.ar\/portalweb\/wp-json\/wp\/v2\/types\/post"}],"author":[{"embeddable":true,"href":"https:\/\/notidiario24.com.ar\/portalweb\/wp-json\/wp\/v2\/users\/1"}],"replies":[{"embeddable":true,"href":"https:\/\/notidiario24.com.ar\/portalweb\/wp-json\/wp\/v2\/comments?post=5941"}],"version-history":[{"count":1,"href":"https:\/\/notidiario24.com.ar\/portalweb\/wp-json\/wp\/v2\/posts\/5941\/revisions"}],"predecessor-version":[{"id":5943,"href":"https:\/\/notidiario24.com.ar\/portalweb\/wp-json\/wp\/v2\/posts\/5941\/revisions\/5943"}],"wp:featuredmedia":[{"embeddable":true,"href":"https:\/\/notidiario24.com.ar\/portalweb\/wp-json\/wp\/v2\/media\/5942"}],"wp:attachment":[{"href":"https:\/\/notidiario24.com.ar\/portalweb\/wp-json\/wp\/v2\/media?parent=5941"}],"wp:term":[{"taxonomy":"category","embeddable":true,"href":"https:\/\/notidiario24.com.ar\/portalweb\/wp-json\/wp\/v2\/categories?post=5941"},{"taxonomy":"post_tag","embeddable":true,"href":"https:\/\/notidiario24.com.ar\/portalweb\/wp-json\/wp\/v2\/tags?post=5941"}],"curies":[{"name":"wp","href":"https:\/\/api.w.org\/{rel}","templated":true}]}}