{"id":582,"date":"2023-10-23T17:46:48","date_gmt":"2023-10-23T17:46:48","guid":{"rendered":"https:\/\/notidiario24.com.ar\/portalweb\/?p=582"},"modified":"2023-10-23T17:46:49","modified_gmt":"2023-10-23T17:46:49","slug":"la-reaccion-de-milei-tras-el-resultado-electoral-pais-de-pelotudos","status":"publish","type":"post","link":"https:\/\/notidiario24.com.ar\/portalweb\/2023\/10\/23\/la-reaccion-de-milei-tras-el-resultado-electoral-pais-de-pelotudos\/","title":{"rendered":"La reacci\u00f3n de Milei tras el resultado electoral: \u00abPa\u00eds de pelotudos\u00bb"},"content":{"rendered":"\n<p>El candidato presidencial de La Libertad Avanza dej\u00f3 entrever una fuerte diatriba contra los propios votantes tras las elecciones 2023 del \u00faltimo domingo. Tambi\u00e9n volvi\u00f3 a denigrar a los radicales.<\/p>\n\n\n\n<!--more-->\n\n\n\n<p>Javier Milei, candidato presidencial de La Libertad Avanza en las elecciones 2023, tuvo una fuerte reacci\u00f3n sobre los votantes luego de haber sido derrotado el \u00faltimo domingo por Sergio Massa (Uni\u00f3n por la Patria). Al mismo tiempo, tras pedir el voto de Juntos por el Cambio, volvi\u00f3 a evidenciar un insulto contra los radicales, a quienes trat\u00f3 de \u00abin\u00fatiles\u00bb.<br>El usuario de Twitter Osvaldo \u00abBeto\u00bb Mendeleiev poste\u00f3 durante la madrugada un tuit en el que culp\u00f3 a los propios votantes por el resultado del domingo, denigr\u00e1ndolos al describirlos como \u00abpelotudos\u00bb. \u00abTengo mucha bronca e impotencia. No me imagino vivir cuatro a\u00f1os m\u00e1s as\u00ed o inclusive peor. Conf\u00edo en Milei, pero no en un pa\u00eds de pelotudos. Dec\u00edan &#8216;nunca vamos a ser Venezuela&#8217; y arras\u00f3 Kicillof en la tierra donde te liquidan para robarte una bicicleta o un celular\u00bb, afirm\u00f3. Durante la ma\u00f1ana de este lunes, ese posteo fue retuiteado por el propio Milei.<br>No fue la \u00fanica reacci\u00f3n del candidato libertario en contra de los votantes. El mismo usuario de Twitter, que usa un seud\u00f3nimo, tambi\u00e9n poste\u00f3: \u00abVotos perdidos por el evento Insaurralde: 0. El problema no son los pol\u00edticos, es la gente\u00bb. Aunque en este caso Milei no retuite\u00f3 la publicaci\u00f3n, s\u00ed la fave\u00f3, por lo que qued\u00f3 guardada entre sus \u00abme gusta\u00bb.<br>Pero adem\u00e1s de apuntar contra los votantes, Milei tambi\u00e9n termin\u00f3 por validar una fuerte cr\u00edtica a un grupo pol\u00edtico con el que busc\u00f3 tender puentes el \u00faltimo domingo. En su discurso en el b\u00fanker, el candidato de La Libertad Avanza se hab\u00eda mostrado dispuesto a \u00abterminar con las agresiones\u00bb para \u00abterminar con el kirchnerismo\u00bb, en un mensaje en el que empez\u00f3 a enviar se\u00f1ales de acercamiento a Juntos por el Cambio de cara a la segunda vuelta del pr\u00f3ximo 19 de noviembre.<br>Sin embargo, este apenas horas m\u00e1s tarde el candidato libertario valid\u00f3 una afirmaci\u00f3n que tildaba de \u00abin\u00fatiles\u00bb a los radicales. \u00abEsto son los radicales. Unos in\u00fatiles que sabotearon desde dentro el gobierno de Macri en 2017 y hoy juegan para Massa. Hay que jubilar a los in\u00fatiles de los radicales tambi\u00e9n\u00bb, afirm\u00f3 el usuario Alan Riedmaier en Twitter al repostear un tuit de Facundo Su\u00e1rez Lastra en el que este dirigente de la UCR dijo \u00abno cuenten conmigo para votar a Milei\u00bb. Nuevamente, el tuit de Riedmaier fue \u00ablikeado\u00bb por Milei.<br>M\u00e1s temprano, el mismo Milei hab\u00eda apuntado contra la UCR, aunque sin nombrarla directamente, al afirmar este lunes a Radio Mitre que \u00absubi\u00f3 Massa y baj\u00f3 Bullrich, ah\u00ed est\u00e1 claro qui\u00e9nes son los que traicionaron\u00bb.<\/p>\n\n\n\n<p>fuente: eldestapeweb.com<\/p>\n","protected":false},"excerpt":{"rendered":"<p>El candidato presidencial de La Libertad Avanza dej\u00f3 entrever una fuerte diatriba contra los propios votantes tras las<\/p>\n","protected":false},"author":1,"featured_media":583,"comment_status":"closed","ping_status":"closed","sticky":false,"template":"","format":"standard","meta":{"footnotes":""},"categories":[4],"tags":[],"class_list":["post-582","post","type-post","status-publish","format-standard","has-post-thumbnail","hentry","category-politica"],"_links":{"self":[{"href":"https:\/\/notidiario24.com.ar\/portalweb\/wp-json\/wp\/v2\/posts\/582","targetHints":{"allow":["GET"]}}],"collection":[{"href":"https:\/\/notidiario24.com.ar\/portalweb\/wp-json\/wp\/v2\/posts"}],"about":[{"href":"https:\/\/notidiario24.com.ar\/portalweb\/wp-json\/wp\/v2\/types\/post"}],"author":[{"embeddable":true,"href":"https:\/\/notidiario24.com.ar\/portalweb\/wp-json\/wp\/v2\/users\/1"}],"replies":[{"embeddable":true,"href":"https:\/\/notidiario24.com.ar\/portalweb\/wp-json\/wp\/v2\/comments?post=582"}],"version-history":[{"count":1,"href":"https:\/\/notidiario24.com.ar\/portalweb\/wp-json\/wp\/v2\/posts\/582\/revisions"}],"predecessor-version":[{"id":584,"href":"https:\/\/notidiario24.com.ar\/portalweb\/wp-json\/wp\/v2\/posts\/582\/revisions\/584"}],"wp:featuredmedia":[{"embeddable":true,"href":"https:\/\/notidiario24.com.ar\/portalweb\/wp-json\/wp\/v2\/media\/583"}],"wp:attachment":[{"href":"https:\/\/notidiario24.com.ar\/portalweb\/wp-json\/wp\/v2\/media?parent=582"}],"wp:term":[{"taxonomy":"category","embeddable":true,"href":"https:\/\/notidiario24.com.ar\/portalweb\/wp-json\/wp\/v2\/categories?post=582"},{"taxonomy":"post_tag","embeddable":true,"href":"https:\/\/notidiario24.com.ar\/portalweb\/wp-json\/wp\/v2\/tags?post=582"}],"curies":[{"name":"wp","href":"https:\/\/api.w.org\/{rel}","templated":true}]}}