{"id":4836,"date":"2025-07-30T12:02:15","date_gmt":"2025-07-30T12:02:15","guid":{"rendered":"https:\/\/notidiario24.com.ar\/portalweb\/?p=4836"},"modified":"2025-07-30T12:02:16","modified_gmt":"2025-07-30T12:02:16","slug":"acuerdo-cerrado-el-salario-docente-se-actualizara-automaticamente-hasta-enero-de-2026","status":"publish","type":"post","link":"https:\/\/notidiario24.com.ar\/portalweb\/2025\/07\/30\/acuerdo-cerrado-el-salario-docente-se-actualizara-automaticamente-hasta-enero-de-2026\/","title":{"rendered":"Acuerdo cerrado: el salario docente se actualizar\u00e1 autom\u00e1ticamente hasta enero de 2026"},"content":{"rendered":"\n<p>El Consejo Provincial de Educaci\u00f3n (CPE) confirm\u00f3 que el acuerdo paritario firmado con los gremios docentes ADOSAC y AMET garantiza un esquema salarial cerrado para todo 2025. El entendimiento incluye una <strong>cl\u00e1usula gatillo mensual basada en el \u00cdndice de Precios al Consumidor Patagonia (IPC)<\/strong>, sumada a <strong>aumentos adicionales de recomposici\u00f3n salarial<\/strong>, tal como fue solicitado por las organizaciones sindicales.<\/p>\n\n\n\n<!--more-->\n\n\n\n<p>El acta no prev\u00e9 cl\u00e1usulas de reapertura, sino una <strong>instancia de revisi\u00f3n en julio<\/strong> para verificar el cumplimiento del acuerdo: aplicaci\u00f3n del IPC, correcta liquidaci\u00f3n de haberes y cumplimiento en tiempo y forma de lo pactado. Desde el CPE aclararon que esta revisi\u00f3n <strong>no implica una nueva negociaci\u00f3n salarial<\/strong>, en respuesta a versiones sindicales que hablaban de una eventual reapertura.<\/p>\n\n\n\n<h3 class=\"wp-block-heading\">C\u00f3mo se aplican los aumentos<\/h3>\n\n\n\n<ul class=\"wp-block-list\">\n<li>En enero de 2025 se aplic\u00f3 un 3,6 %, correspondiente a la paritaria anterior.<\/li>\n\n\n\n<li>Desde febrero y hasta diciembre de 2025, los salarios se actualizan mensualmente de forma autom\u00e1tica seg\u00fan el IPC Patagonia del mes anterior.<\/li>\n\n\n\n<li>Adem\u00e1s, entre junio y octubre se suman <strong>aumentos por recomposici\u00f3n salarial<\/strong>.<\/li>\n\n\n\n<li>En noviembre y diciembre solo se aplicar\u00e1 la cl\u00e1usula gatillo, ya que parte del aumento adicional fue adelantado al primer semestre a pedido de los gremios.<\/li>\n\n\n\n<li>En enero de 2026 se aplicar\u00e1 el IPC de diciembre de 2025, con pago efectivo el 1 de febrero.<\/li>\n\n\n\n<li>Todos los aumentos son <strong>acumulativos<\/strong> y tambi\u00e9n alcanzan al sector pasivo (jubilados y pensionados).<\/li>\n<\/ul>\n\n\n\n<h3 class=\"wp-block-heading\">Un acuerdo integral y transparente<\/h3>\n\n\n\n<p>Desde el CPE se\u00f1alaron que se trata de una de las <strong>paritarias m\u00e1s completas y anticipadas del pa\u00eds<\/strong>, brindando previsibilidad tanto a trabajadores como al Estado provincial. La inflaci\u00f3n proyectada para 2025 ronda el 27 %, mientras que el acuerdo contempla aumentos por aproximadamente un 41 %, lo que representa una <strong>mejora salarial real cercana al 50 % sobre el IPC<\/strong>.<\/p>\n\n\n\n<p>\u201cCualquier intento de reinterpretar lo firmado carece de sustento legal y contractual. El acuerdo est\u00e1 cerrado y el Gobierno lo cumplir\u00e1 tal como fue firmado\u201d, remarcaron desde el organismo educativo.<\/p>\n\n\n\n<figure class=\"wp-block-image is-resized\"><img decoding=\"async\" src=\"https:\/\/lavozdesantacruz.com.ar\/wp-content\/uploads\/2025\/07\/1753840033-478x1024.jpeg\" alt=\"La imagen tiene un atributo ALT vac\u00edo; su nombre de archivo es 1753840033-478x1024.jpeg\" style=\"width:840px;height:auto\"\/><\/figure>\n","protected":false},"excerpt":{"rendered":"<p>El Consejo Provincial de Educaci\u00f3n (CPE) confirm\u00f3 que el acuerdo paritario firmado con los gremios docentes ADOSAC y<\/p>\n","protected":false},"author":1,"featured_media":4837,"comment_status":"closed","ping_status":"closed","sticky":false,"template":"","format":"standard","meta":{"footnotes":""},"categories":[1,4],"tags":[],"class_list":["post-4836","post","type-post","status-publish","format-standard","has-post-thumbnail","hentry","category-gremiales","category-politica"],"_links":{"self":[{"href":"https:\/\/notidiario24.com.ar\/portalweb\/wp-json\/wp\/v2\/posts\/4836","targetHints":{"allow":["GET"]}}],"collection":[{"href":"https:\/\/notidiario24.com.ar\/portalweb\/wp-json\/wp\/v2\/posts"}],"about":[{"href":"https:\/\/notidiario24.com.ar\/portalweb\/wp-json\/wp\/v2\/types\/post"}],"author":[{"embeddable":true,"href":"https:\/\/notidiario24.com.ar\/portalweb\/wp-json\/wp\/v2\/users\/1"}],"replies":[{"embeddable":true,"href":"https:\/\/notidiario24.com.ar\/portalweb\/wp-json\/wp\/v2\/comments?post=4836"}],"version-history":[{"count":1,"href":"https:\/\/notidiario24.com.ar\/portalweb\/wp-json\/wp\/v2\/posts\/4836\/revisions"}],"predecessor-version":[{"id":4838,"href":"https:\/\/notidiario24.com.ar\/portalweb\/wp-json\/wp\/v2\/posts\/4836\/revisions\/4838"}],"wp:featuredmedia":[{"embeddable":true,"href":"https:\/\/notidiario24.com.ar\/portalweb\/wp-json\/wp\/v2\/media\/4837"}],"wp:attachment":[{"href":"https:\/\/notidiario24.com.ar\/portalweb\/wp-json\/wp\/v2\/media?parent=4836"}],"wp:term":[{"taxonomy":"category","embeddable":true,"href":"https:\/\/notidiario24.com.ar\/portalweb\/wp-json\/wp\/v2\/categories?post=4836"},{"taxonomy":"post_tag","embeddable":true,"href":"https:\/\/notidiario24.com.ar\/portalweb\/wp-json\/wp\/v2\/tags?post=4836"}],"curies":[{"name":"wp","href":"https:\/\/api.w.org\/{rel}","templated":true}]}}