{"id":4832,"date":"2025-07-30T04:01:29","date_gmt":"2025-07-30T04:01:29","guid":{"rendered":"https:\/\/notidiario24.com.ar\/portalweb\/?p=4832"},"modified":"2025-07-30T04:01:29","modified_gmt":"2025-07-30T04:01:29","slug":"rio-gallegos-se-prepara-para-vivir-la-primera-expo-deporte-un-encuentro-con-el-deporte-local-y-la-vida-saludable","status":"publish","type":"post","link":"https:\/\/notidiario24.com.ar\/portalweb\/2025\/07\/30\/rio-gallegos-se-prepara-para-vivir-la-primera-expo-deporte-un-encuentro-con-el-deporte-local-y-la-vida-saludable\/","title":{"rendered":"R\u00edo Gallegos se prepara para vivir la primera Expo Deporte: un encuentro con el deporte local y la vida saludable"},"content":{"rendered":"\n<p>La ciudad de R\u00edo Gallegos vivir\u00e1 un fin de semana cargado de energ\u00eda, movimiento y comunidad con la realizaci\u00f3n de la primera <strong>Expo Deporte<\/strong>, organizada por la Secretar\u00eda de Deporte municipal. El evento se llevar\u00e1 a cabo el <strong>s\u00e1bado 9 y domingo 10 de agosto<\/strong> en las instalaciones del <strong>Tennis Club<\/strong>, y reunir\u00e1 a m\u00e1s de 80 expositores entre <strong>clubes, gimnasios, asociaciones y comercios locales<\/strong>.<\/p>\n\n\n\n<!--more-->\n\n\n\n<p>La propuesta busca fomentar el deporte, la vida saludable y, al mismo tiempo, fortalecer los v\u00ednculos comunitarios a trav\u00e9s de la participaci\u00f3n de m\u00faltiples actores del \u00e1mbito deportivo y comercial.<\/p>\n\n\n\n<blockquote class=\"wp-block-quote is-layout-flow wp-block-quote-is-layout-flow\">\n<p>\u201cFue una solicitud del intendente Pablo Grasso avanzar con este evento para mostrar todo lo que se hace en materia deportiva en la ciudad. Eso se vio reflejado en las inscripciones: tenemos m\u00e1s de 80 anotados entre clubes, gimnasios, asociaciones y comercios\u201d, se\u00f1al\u00f3 la secretaria de Deporte, <strong>Silvina Ju\u00e1rez<\/strong>.<\/p>\n<\/blockquote>\n\n\n\n<p>La Expo ofrecer\u00e1 un recorrido integral por las distintas disciplinas deportivas y sus actores. Desde comerciantes vinculados a la actividad \u2014como vendedores de indumentaria y suplementos\u2014 hasta instituciones deportivas, gimnasios y asociaciones que compartir\u00e1n su historia, actividades y logros.<\/p>\n\n\n\n<p>El evento se distribuir\u00e1 en <strong>tres canchas del Tennis Club<\/strong>, cada una con una propuesta diferente:<\/p>\n\n\n\n<ul class=\"wp-block-list\">\n<li><strong>Cancha 1 (Ingreso por calle San Mart\u00edn):<\/strong> contar\u00e1 con los stands de clubes, comercios, gimnasios y asociaciones.<\/li>\n\n\n\n<li><strong>Cancha 2:<\/strong> ser\u00e1 un espacio interactivo donde se exhibir\u00e1n diversas disciplinas. Habr\u00e1 una jaula de golf, un centro de pilates con camillas, una muestra de kayak a cargo de <strong>Jos\u00e9 Jaramillo<\/strong>, y exhibiciones de <strong>MMA, karate, gimnasia art\u00edstica y boxeo<\/strong>. La idea es que el p\u00fablico pueda interactuar y probar nuevas actividades.<\/li>\n\n\n\n<li><strong>Cancha 3:<\/strong> destinada a <strong>capacitaciones<\/strong> y charlas a cargo de reconocidas figuras del deporte como <strong>Marcos Milinkovic<\/strong>, ex jugador y referente del v\u00f3ley, y <strong>Mat\u00edas Lucuix<\/strong>, entrenador de la Selecci\u00f3n Argentina de Futsal.<\/li>\n<\/ul>\n\n\n\n<p>Adem\u00e1s, en el sector al aire libre, se dictar\u00e1n clases abiertas de <strong>skate<\/strong> a cargo de <strong>Rafa Mart\u00ednez<\/strong>, de Caleta Olivia.<\/p>\n\n\n\n<p>Uno de los momentos destacados ser\u00e1 la presencia del <strong>cuerpo t\u00e9cnico del Club Boca Juniors<\/strong>, que brindar\u00e1 una experiencia \u00fanica para deportistas y entrenadores de la ciudad.<\/p>\n\n\n\n<blockquote class=\"wp-block-quote is-layout-flow wp-block-quote-is-layout-flow\">\n<p>\u201cVamos a contar con muchos invitados especiales. Invitamos a toda la comunidad a participar, conocer y disfrutar del deporte local\u201d, concluy\u00f3 Ju\u00e1rez.<\/p>\n<\/blockquote>\n\n\n\n<p>La <strong>Expo Deporte 2025<\/strong> se podr\u00e1 visitar el s\u00e1bado de <strong>12:30 a 20:00<\/strong> y el domingo de <strong>10:00 a 18:00<\/strong>. La entrada es libre y gratuita.<\/p>\n\n\n\n<iframe loading=\"lazy\" src=\"https:\/\/www.facebook.com\/plugins\/post.php?href=https%3A%2F%2Fwww.facebook.com%2Fmrgdeporte21%2Fposts%2Fpfbid02PiMGgA1dmHWiHWAmwNgBebH767H8gnA4SfmsDXmjdzpRHeUXN36MDKraGx1ZYBWul&#038;show_text=true&#038;width=500\" width=\"500\" height=\"793\" style=\"border:none;overflow:hidden\" scrolling=\"no\" frameborder=\"0\" allowfullscreen=\"true\" allow=\"autoplay; clipboard-write; encrypted-media; picture-in-picture; web-share\"><\/iframe>\n","protected":false},"excerpt":{"rendered":"<p>La ciudad de R\u00edo Gallegos vivir\u00e1 un fin de semana cargado de energ\u00eda, movimiento y comunidad con la<\/p>\n","protected":false},"author":1,"featured_media":4833,"comment_status":"closed","ping_status":"closed","sticky":false,"template":"","format":"standard","meta":{"footnotes":""},"categories":[15],"tags":[],"class_list":["post-4832","post","type-post","status-publish","format-standard","has-post-thumbnail","hentry","category-deporte"],"_links":{"self":[{"href":"https:\/\/notidiario24.com.ar\/portalweb\/wp-json\/wp\/v2\/posts\/4832","targetHints":{"allow":["GET"]}}],"collection":[{"href":"https:\/\/notidiario24.com.ar\/portalweb\/wp-json\/wp\/v2\/posts"}],"about":[{"href":"https:\/\/notidiario24.com.ar\/portalweb\/wp-json\/wp\/v2\/types\/post"}],"author":[{"embeddable":true,"href":"https:\/\/notidiario24.com.ar\/portalweb\/wp-json\/wp\/v2\/users\/1"}],"replies":[{"embeddable":true,"href":"https:\/\/notidiario24.com.ar\/portalweb\/wp-json\/wp\/v2\/comments?post=4832"}],"version-history":[{"count":2,"href":"https:\/\/notidiario24.com.ar\/portalweb\/wp-json\/wp\/v2\/posts\/4832\/revisions"}],"predecessor-version":[{"id":4835,"href":"https:\/\/notidiario24.com.ar\/portalweb\/wp-json\/wp\/v2\/posts\/4832\/revisions\/4835"}],"wp:featuredmedia":[{"embeddable":true,"href":"https:\/\/notidiario24.com.ar\/portalweb\/wp-json\/wp\/v2\/media\/4833"}],"wp:attachment":[{"href":"https:\/\/notidiario24.com.ar\/portalweb\/wp-json\/wp\/v2\/media?parent=4832"}],"wp:term":[{"taxonomy":"category","embeddable":true,"href":"https:\/\/notidiario24.com.ar\/portalweb\/wp-json\/wp\/v2\/categories?post=4832"},{"taxonomy":"post_tag","embeddable":true,"href":"https:\/\/notidiario24.com.ar\/portalweb\/wp-json\/wp\/v2\/tags?post=4832"}],"curies":[{"name":"wp","href":"https:\/\/api.w.org\/{rel}","templated":true}]}}