{"id":4827,"date":"2025-07-30T03:14:34","date_gmt":"2025-07-30T03:14:34","guid":{"rendered":"https:\/\/notidiario24.com.ar\/portalweb\/?p=4827"},"modified":"2025-07-30T03:22:03","modified_gmt":"2025-07-30T03:22:03","slug":"el-comisario-ramon-quipildor-le-envio-una-carta-al-gobernador-claudio-vidal","status":"publish","type":"post","link":"https:\/\/notidiario24.com.ar\/portalweb\/2025\/07\/30\/el-comisario-ramon-quipildor-le-envio-una-carta-al-gobernador-claudio-vidal\/","title":{"rendered":"Carta sin filtro: comisario denuncia corrupci\u00f3n y pide audiencia con el gobernador Vidal"},"content":{"rendered":"\n<p>El comisario Ram\u00f3n Quipildor fue cesanteado tras denunciar una grave situaci\u00f3n de corrupci\u00f3n y abandono dentro de la Polic\u00eda de Santa Cruz. Con una trayectoria limpia y respetada, y sin antecedentes de violencia o irregularidades, Quipildor se gan\u00f3 el reconocimiento del personal subalterno por su liderazgo humano y por defender siempre los derechos de sus colegas.<\/p>\n\n\n\n<!--more-->\n\n\n\n<p>El 21 de julio de 2025, present\u00f3 una nota formal dirigida al gobernador Claudio Vidal, en la que expone \u2014con firmeza y respeto\u2014 el colapso interno de la fuerza: persecuciones pol\u00edticas, precarizaci\u00f3n laboral, falta de recursos y una conducci\u00f3n policial alejada de la realidad cotidiana.<\/p>\n\n\n\n<p>Seg\u00fan el comisario, lejos de haberse solucionado los problemas denunciados por el propio Vidal en 2023, la situaci\u00f3n hoy es a\u00fan peor. En su carta, apunta directamente al ministro de Seguridad Pedro Prodromo y al asesor Daniel Barrientos, a quienes acusa de traicionar los ideales que dec\u00edan defender. Tambi\u00e9n cuestiona duramente a la c\u00fapula policial, liderada por los comisarios generales Diego Ag\u00fcero y Luis Bord\u00f3n.<\/p>\n\n\n\n<p>El panorama que describe es cr\u00edtico: inseguridad creciente, falta de m\u00f3viles, chalecos, armas, combustible, condiciones m\u00ednimas de trabajo. Denuncia adem\u00e1s retiros obligatorios como castigo pol\u00edtico, incluso a madres polic\u00edas, y una red de privilegios para quienes encubren abusos o guardan silencio.<\/p>\n\n\n\n<p>Quipildor recuerda que en noviembre de 2024 el gobernador pidi\u00f3 disculpas por el abandono estatal a las fuerzas. Hoy, afirma, esas disculpas no se tradujeron en acciones reales.<\/p>\n\n\n\n<blockquote class=\"wp-block-quote is-layout-flow wp-block-quote-is-layout-flow\">\n<p>\u201cNegar la realidad no va a conseguir nada. Hoy le toca a usted no negarla, sino corregirla\u201d, cierra su carta.<\/p>\n<\/blockquote>\n\n\n\n<p>La nota fue registrada oficialmente. Ahora, la decisi\u00f3n est\u00e1 en manos del gobernador: escuchar o mirar para otro lado. Esta vez, no podr\u00e1 decir que no fue advertido.<\/p>\n\n\n\n<p><strong>CARTA AL GOBERNADOR<\/strong><\/p>\n\n\n\n<p>R\u00edo Gallegos, 21 julio de 2025, Se\u00f1or Gobernador de la Provincia de Santa Cruz, Don Claudio Vidal<\/p>\n\n\n\n<p>De mi mayor consideraci\u00f3n:<\/p>\n\n\n\n<p>Me dirijo a usted, con el debido respeto, pero con profunda preocupaci\u00f3n, en mi car\u00e1cter de ciudadano santacruce\u00f1o y miembro activo de la Polic\u00eda de la Provincia de Santa Cruz, a fin de expresarle el malestar y la desilusi\u00f3n que compartimos muchos de quienes integramos esta instituci\u00f3n.<\/p>\n\n\n\n<p>A casi dos a\u00f1os de haber asumido como gobernador, las mismas problem\u00e1ticas que usted denunci\u00f3 en su carta p\u00fablica del 13 de junio de 2023 contra el entonces ministro de Seguridad, Lucas Pratti, no s\u00f3lo persisten, sino que se han agravado.<\/p>\n\n\n\n<p>Usted prometi\u00f3 un cambio real. Prometi\u00f3 dignificar a las fuerzas de seguridad. En campa\u00f1a, exig\u00eda mejoras salariales, condiciones dignas de trabajo, respeto institucional, transparencia en la gesti\u00f3n y justicia para quienes arriesgan su vida por el bien com\u00fan.<\/p>\n\n\n\n<p>Sin embargo, hoy, desde el lugar de responsabilidad que le confiri\u00f3 el pueblo, la Polic\u00eda se encuentra a\u00fan m\u00e1s desprotegida, precarizada y desatendida que antes.<\/p>\n\n\n\n<p>Su actual ministro de Seguridad, Pedro Pr\u00f3dromo, no ha sabido dar respuesta a los reclamos m\u00e1s elementales. Y lo m\u00e1s grave es que su asesor directo, Daniel Barrientos, quien supo ser presidente de la Asociaci\u00f3n Civil Policial y defender los derechos del personal uniformado, hoy ocupa un cargo en su gobierno desde donde ha pasado a atacar, desacreditar y silenciar a los polic\u00edas, olvidando por completo sus or\u00edgenes y su compromiso con los trabajadores.<\/p>\n\n\n\n<p>La c\u00fapula policial, encabezada por los Comisarios Generales Diego Ag\u00fcero y Luis Bord\u00f3n, no est\u00e1 a la altura de las circunstancias. As\u00ed lo reflejan los medios de prensa y los hechos delictivos cada vez m\u00e1s frecuentes y violentos en ciudades como El Calafate, Caleta Olivia, Pico Truncado, Las Heras y R\u00edo Gallegos, donde los delitos se multiplican sin autores identificados.<\/p>\n\n\n\n<p>A ello se suma la ola de despidos encubiertos mediante retiros obligatorios, que han afectado en su mayor\u00eda a mujeres polic\u00edas con cargas familiares, vulnerando derechos fundamentales.<\/p>\n\n\n\n<p>Adem\u00e1s, se ha hecho evidente una red de corrupci\u00f3n dentro de la estructura jer\u00e1rquica, con casos como el del propio Ag\u00fcero y el Superintendente Carrillo, quienes perciben sueldos como docentes en la Escuela de Polic\u00eda sin cumplir funciones.<\/p>\n\n\n\n<p>Mientras tanto, Bord\u00f3n maltrata al personal, toma decisiones arbitrarias y promueve a jefes afines con faltas grav\u00edsimas, perpetuando un esquema de favoritismo e impunidad.<\/p>\n\n\n\n<p>El reclamo salarial es urgente. Los efectivos no logran cubrir sus necesidades b\u00e1sicas.<\/p>\n\n\n\n<p>Faltan uniformes, armas, chalecos antibalas, m\u00f3viles, combustible, y condiciones m\u00ednimas de trabajo dignas en muchas dependencias.<\/p>\n\n\n\n<p>Usted, se\u00f1or Gobernador, durante el acto del 14 de noviembre de 2024, D\u00eda de la Polic\u00eda, pidi\u00f3 perd\u00f3n p\u00fablicamente por los errores del Estado, reconociendo el abandono institucional.<\/p>\n\n\n\n<p>Pero sus palabras no se han traducido en hechos concretos. La situaci\u00f3n sigue igual o peor.<\/p>\n\n\n\n<p>Hoy, adem\u00e1s, se quiere obligar a los efectivos \u2014sin distinci\u00f3n de edad o condici\u00f3n m\u00e9dica\u2014 a realizar evaluaciones f\u00edsicas, bajo el pretexto de una estad\u00edstica, vulnerando derechos protegidos por la Ley de Derechos del Paciente, la Ley 22.431 de Discapacidad y la legislaci\u00f3n vigente sobre integridad y salud laboral.<\/p>\n\n\n\n<p>Los polic\u00edas no somos cifras ni recursos disponibles para exhibir en actos o estad\u00edsticas.<\/p>\n\n\n\n<p>Somos personas, servidores p\u00fablicos, con familias, con derechos, con vocaci\u00f3n&#8230; pero tambi\u00e9n con l\u00edmites.<\/p>\n\n\n\n<p>Y estamos agotados.<\/p>\n\n\n\n<p>Por todo lo expuesto, le exijo como ciudadano y polic\u00eda que cumpla con lo que usted mismo reclam\u00f3 antes de asumir.<\/p>\n\n\n\n<p>No queremos m\u00e1s discursos vac\u00edos ni actos simb\u00f3licos.<\/p>\n\n\n\n<p>Queremos hechos concretos, dignidad laboral, sueldos justos y respeto institucional.<\/p>\n\n\n\n<p>Porque, como usted mismo dijo en 2023: \u201cNegar la realidad no va a conseguir nada\u201d.<\/p>\n\n\n\n<p>Hoy le toca a usted no negarla, sino corregirla.<\/p>\n\n\n\n<p>Por \u00faltimo, aprovecho la oportunidad para hacerle saber, se\u00f1or Gobernador, que si usted desea de forma personal, en una entrevista, le puedo ampliar y explicar m\u00e1s a fondo lo que mis compa\u00f1eros est\u00e1n padeciendo, pero que, pese a todo, siguen cumpliendo con su labor.<\/p>\n\n\n\n<p>Sin m\u00e1s, lo saludo atentamente.<\/p>\n\n\n\n<p>Comisario Ram\u00f3n Quipildor<\/p>\n\n\n\n<p>Recibido por Mesa de entradas de la Casa de Gobierno<\/p>\n","protected":false},"excerpt":{"rendered":"<p>El comisario Ram\u00f3n Quipildor fue cesanteado tras denunciar una grave situaci\u00f3n de corrupci\u00f3n y abandono dentro de la<\/p>\n","protected":false},"author":1,"featured_media":4828,"comment_status":"closed","ping_status":"closed","sticky":false,"template":"","format":"standard","meta":{"footnotes":""},"categories":[3],"tags":[],"class_list":["post-4827","post","type-post","status-publish","format-standard","has-post-thumbnail","hentry","category-generales"],"_links":{"self":[{"href":"https:\/\/notidiario24.com.ar\/portalweb\/wp-json\/wp\/v2\/posts\/4827","targetHints":{"allow":["GET"]}}],"collection":[{"href":"https:\/\/notidiario24.com.ar\/portalweb\/wp-json\/wp\/v2\/posts"}],"about":[{"href":"https:\/\/notidiario24.com.ar\/portalweb\/wp-json\/wp\/v2\/types\/post"}],"author":[{"embeddable":true,"href":"https:\/\/notidiario24.com.ar\/portalweb\/wp-json\/wp\/v2\/users\/1"}],"replies":[{"embeddable":true,"href":"https:\/\/notidiario24.com.ar\/portalweb\/wp-json\/wp\/v2\/comments?post=4827"}],"version-history":[{"count":2,"href":"https:\/\/notidiario24.com.ar\/portalweb\/wp-json\/wp\/v2\/posts\/4827\/revisions"}],"predecessor-version":[{"id":4831,"href":"https:\/\/notidiario24.com.ar\/portalweb\/wp-json\/wp\/v2\/posts\/4827\/revisions\/4831"}],"wp:featuredmedia":[{"embeddable":true,"href":"https:\/\/notidiario24.com.ar\/portalweb\/wp-json\/wp\/v2\/media\/4828"}],"wp:attachment":[{"href":"https:\/\/notidiario24.com.ar\/portalweb\/wp-json\/wp\/v2\/media?parent=4827"}],"wp:term":[{"taxonomy":"category","embeddable":true,"href":"https:\/\/notidiario24.com.ar\/portalweb\/wp-json\/wp\/v2\/categories?post=4827"},{"taxonomy":"post_tag","embeddable":true,"href":"https:\/\/notidiario24.com.ar\/portalweb\/wp-json\/wp\/v2\/tags?post=4827"}],"curies":[{"name":"wp","href":"https:\/\/api.w.org\/{rel}","templated":true}]}}