{"id":4821,"date":"2025-07-28T19:05:24","date_gmt":"2025-07-28T19:05:24","guid":{"rendered":"https:\/\/notidiario24.com.ar\/portalweb\/?p=4821"},"modified":"2025-07-28T19:05:24","modified_gmt":"2025-07-28T19:05:24","slug":"raices-del-sur-estreno-su-primer-capitulo-en-una-jornada-historica-para-el-hiphop-santacruceno","status":"publish","type":"post","link":"https:\/\/notidiario24.com.ar\/portalweb\/2025\/07\/28\/raices-del-sur-estreno-su-primer-capitulo-en-una-jornada-historica-para-el-hiphop-santacruceno\/","title":{"rendered":"Ra\u00edces del Sur estren\u00f3 su primer cap\u00edtulo en una jornada hist\u00f3rica para el hiphop santacruce\u00f1o"},"content":{"rendered":"\n<p>Este domingo, m\u00e1s de 80 personas participaron de una jornada cargada de memoria, m\u00fasica y comunidad en el Centro Cultural Santa Cruz, donde se estren\u00f3 el primer cap\u00edtulo de\u00a0<em>Ra\u00edces del Sur<\/em>, la serie documental que reconstruye los or\u00edgenes del rap en R\u00edo Gallegos y celebra las expresiones culturales que marcaron una \u00e9poca.<\/p>\n\n\n\n<!--more-->\n\n\n\n<p>El evento se realiz\u00f3 en el marco del D\u00eda Provincial del HipHop, establecido en 2020 como homenaje a los&nbsp;<em>breakers<\/em>&nbsp;de Perito Moreno que perdieron la vida en un accidente automovil\u00edstico, mientras viajaban a representar a la provincia en un encuentro de&nbsp;<em>breakdance,<\/em>&nbsp;en Chubut.<\/p>\n\n\n\n<p>Durante la jornada, se expusieron materiales \u00fanicos de colecciones hist\u00f3ricas que homenajearon el legado del hiphop patag\u00f3nico, incluyendo fanzines como Ren y Stimpy, HappyDay? y Ego\u00edsmo, casetes originales enviados por los editores de Moshpit Posse en 1998, grabaciones del Sindicato Argentino del HipHop en Cemento, presentaciones de Actitud Mar\u00eda Marta en Ferro, y compilados de marcas como Cover Your Bones y Efecto Uno. La ambientaci\u00f3n estuvo a cargo de DJ Bruno.<\/p>\n\n\n\n<p>El realizador del documental, Nicol\u00e1s \u201cS\u00f3lido\u201d Barrientos -junto a Daniel Aguirre-, comparti\u00f3 su balance sobre el encuentro: \u201cPara nosotros, el estreno del documental cumpli\u00f3 ampliamente las expectativas. Quer\u00edamos hacer una actividad presencial que reuniera a los integrantes de la cultura hiphop de distintas generaciones, y eso lo logramos. No solo estuvieron los entrevistados que forman parte de la primera generaci\u00f3n, sino tambi\u00e9n protagonistas de la camada del 2007 en adelante, del 2010 y actuales. Adem\u00e1s, se sumaron raperos, grafiteros, DJs y bailarines, lo que nos permiti\u00f3 representar todas las ramas del hiphop. Ese cruce generacional y art\u00edstico fue nuestro principal objetivo, y nos pareci\u00f3 muy valioso que se lograra.\u201d<\/p>\n\n\n\n<p>Barrientos tambi\u00e9n se refiri\u00f3 a la repercusi\u00f3n emocional que gener\u00f3 el estreno: \u201cEste primer cap\u00edtulo despert\u00f3 mucha emoci\u00f3n entre quienes asistieron. Hubo quienes recordaron cosas de su \u00e9poca, otros que comprendieron mejor las bases del hiphop, y su arraigo en la ciudad y en Santa Cruz. Recibimos mensajes por redes sociales, incluso de gente que no pudo asistir porque estaba trabajando o vive en otra ciudad, y que ya pregunta cu\u00e1ndo estar\u00e1 disponible online. Antes y durante el estreno tambi\u00e9n recibimos m\u00e1s material de archivo de distintas localidades, m\u00fasica que se escuchaba en aquellos a\u00f1os. Como venimos diciendo, esto es algo vivo, que se sigue generando, y esa respuesta lo confirma\u201d.<\/p>\n\n\n\n<p>Finalmente, el realizador adelant\u00f3 los pr\u00f3ximos pasos del proyecto: \u201cYa estamos en producci\u00f3n del episodio dos, que se enfocar\u00e1 en la Zona Norte. En los cr\u00e9ditos se vio un adelanto con referentes de Caleta Olivia y Truncado. Viajamos el a\u00f1o pasado en el marco del Patagonia Hop, un evento donde intervienen todas las ramas de la cultura hiphop, y aprovechamos para grabar all\u00e1. Incluso dejamos c\u00e1maras a los pibes de Caleta Olivia, para que sigan registrando. Con colaboraci\u00f3n del ST ya comenzamos la edici\u00f3n, y ese cap\u00edtulo incluir\u00e1 protagonistas de Truncado, Caleta Olivia y Los Antiguos\u201d.<\/p>\n\n\n\n<p>El estreno de&nbsp;<em>Ra\u00edces del Sur<\/em>&nbsp;no solo fue un homenaje a la historia del hiphop santacruce\u00f1o, sino tambi\u00e9n una celebraci\u00f3n de su vigencia y proyecci\u00f3n. La serie contin\u00faa creciendo como un registro vivo, colectivo y profundamente arraigado en la identidad cultural de la provincia.<\/p>\n","protected":false},"excerpt":{"rendered":"<p>Este domingo, m\u00e1s de 80 personas participaron de una jornada cargada de memoria, m\u00fasica y comunidad en el<\/p>\n","protected":false},"author":1,"featured_media":4822,"comment_status":"closed","ping_status":"closed","sticky":false,"template":"","format":"standard","meta":{"footnotes":""},"categories":[3],"tags":[],"class_list":["post-4821","post","type-post","status-publish","format-standard","has-post-thumbnail","hentry","category-generales"],"_links":{"self":[{"href":"https:\/\/notidiario24.com.ar\/portalweb\/wp-json\/wp\/v2\/posts\/4821","targetHints":{"allow":["GET"]}}],"collection":[{"href":"https:\/\/notidiario24.com.ar\/portalweb\/wp-json\/wp\/v2\/posts"}],"about":[{"href":"https:\/\/notidiario24.com.ar\/portalweb\/wp-json\/wp\/v2\/types\/post"}],"author":[{"embeddable":true,"href":"https:\/\/notidiario24.com.ar\/portalweb\/wp-json\/wp\/v2\/users\/1"}],"replies":[{"embeddable":true,"href":"https:\/\/notidiario24.com.ar\/portalweb\/wp-json\/wp\/v2\/comments?post=4821"}],"version-history":[{"count":1,"href":"https:\/\/notidiario24.com.ar\/portalweb\/wp-json\/wp\/v2\/posts\/4821\/revisions"}],"predecessor-version":[{"id":4823,"href":"https:\/\/notidiario24.com.ar\/portalweb\/wp-json\/wp\/v2\/posts\/4821\/revisions\/4823"}],"wp:featuredmedia":[{"embeddable":true,"href":"https:\/\/notidiario24.com.ar\/portalweb\/wp-json\/wp\/v2\/media\/4822"}],"wp:attachment":[{"href":"https:\/\/notidiario24.com.ar\/portalweb\/wp-json\/wp\/v2\/media?parent=4821"}],"wp:term":[{"taxonomy":"category","embeddable":true,"href":"https:\/\/notidiario24.com.ar\/portalweb\/wp-json\/wp\/v2\/categories?post=4821"},{"taxonomy":"post_tag","embeddable":true,"href":"https:\/\/notidiario24.com.ar\/portalweb\/wp-json\/wp\/v2\/tags?post=4821"}],"curies":[{"name":"wp","href":"https:\/\/api.w.org\/{rel}","templated":true}]}}