{"id":4818,"date":"2025-07-28T19:02:36","date_gmt":"2025-07-28T19:02:36","guid":{"rendered":"https:\/\/notidiario24.com.ar\/portalweb\/?p=4818"},"modified":"2025-07-28T19:02:36","modified_gmt":"2025-07-28T19:02:36","slug":"la-delegacion-santacrucena-cosecho-cinco-medallas-en-el-mundial-de-taekwondo-en-barcelona","status":"publish","type":"post","link":"https:\/\/notidiario24.com.ar\/portalweb\/2025\/07\/28\/la-delegacion-santacrucena-cosecho-cinco-medallas-en-el-mundial-de-taekwondo-en-barcelona\/","title":{"rendered":"La delegaci\u00f3n santacruce\u00f1a cosech\u00f3 cinco medallas en el Mundial de Taekwondo en Barcelona"},"content":{"rendered":"\n<p>Con el acompa\u00f1amiento del Gobierno Provincial y el esfuerzo de toda una comunidad, j\u00f3venes taekwondistas de Santa Cruz dejaron en alto el nombre de la provincia en el Campeonato Mundial de Taekwondo ITF, realizado en Barcelona, Espa\u00f1a.<\/p>\n\n\n\n<!--more-->\n\n\n\n<p>Del 23 al 27 de julio se desarroll\u00f3 en la ciudad de Cornell\u00e0 (Barcelona) el Campeonato Mundial de Taekwondo ITF, evento que reuni\u00f3 a delegaciones de todo el mundo. All\u00ed, Santa Cruz estuvo representada por tres j\u00f3venes deportistas que, fruto de a\u00f1os de entrenamiento, lograron destacarse y traer a casa cinco medallas.<\/p>\n\n\n\n<p>La delegaci\u00f3n estuvo encabezada por el maestro Alejandro Vera, y el acompa\u00f1amiento del coach Ariel Audisio, la \u00e1rbitro y juez internacional Alejandra Fasciotti. Los deportistas fueron Ivo Marveggio (14), Valent\u00edn Ca\u00f1uecar (14) y Noam Noguera (17), este \u00faltimo integrante del seleccionado argentino juvenil.<\/p>\n\n\n\n<p>Los resultados fueron altamente positivos:<\/p>\n\n\n\n<p>Noam Noguera particip\u00f3 junto a la selecci\u00f3n nacional y obtuvo medalla de oro y de plata en las categor\u00edas de lucha y forma por equipos.<\/p>\n\n\n\n<p>Ivo Marveggio logr\u00f3 medalla de bronce en lucha individual en la categor\u00eda juvenil de 14 a 17 a\u00f1os, hasta 65 kg.<\/p>\n\n\n\n<p>Valent\u00edn Ca\u00f1uecar, si bien fue eliminado en primera ronda, compiti\u00f3 con compromiso en una exigente categor\u00eda de hasta 50 kg.<\/p>\n\n\n\n<p>\u201cLlegar hasta ac\u00e1 implic\u00f3 sacrificio, entrenamientos diarios, muchas veces en doble turno, incluso fines de semana. Todo esto no ser\u00eda posible sin el apoyo fundamental de las familias y sin el acompa\u00f1amiento del Estado\u201d, destac\u00f3 Vera en di\u00e1logo con la subsecretar\u00eda de Producci\u00f3n y Contenidos.<\/p>\n\n\n\n<p>El viaje fue posible gracias al respaldo del Gobierno Provincial, a trav\u00e9s de la Secretar\u00eda de Estado de Deportes, LOAS, FOMICRUZ y diversas actividades de recaudaci\u00f3n realizadas por la propia comunidad. Aun as\u00ed, los costos fueron altos y la delegaci\u00f3n afront\u00f3 gran parte con recursos propios.<\/p>\n\n\n\n<p>Vera tambi\u00e9n subray\u00f3 la trayectoria de Santa Cruz en esta disciplina: \u201cVenimos participando en mundiales desde 2010, en Corea, y luego en Canad\u00e1, Italia, Inglaterra, Holanda y nuevamente Corea. Esta es la primera vez que volvemos a casa con cinco medallas, lo que habla del gran trabajo en equipo y del crecimiento constante de nuestros atletas\u201d.<\/p>\n\n\n\n<p>El Mundial concluy\u00f3 el 27 de julio, y la delegaci\u00f3n regresar\u00e1 a R\u00edo Gallegos el pr\u00f3ximo 8 de agosto. Este logro deportivo no solo pone en valor el talento de los j\u00f3venes santacruce\u00f1os, sino que reafirma la importancia del compromiso, la disciplina y el acompa\u00f1amiento institucional como pilares para alcanzar grandes metas.<\/p>\n","protected":false},"excerpt":{"rendered":"<p>Con el acompa\u00f1amiento del Gobierno Provincial y el esfuerzo de toda una comunidad, j\u00f3venes taekwondistas de Santa Cruz<\/p>\n","protected":false},"author":1,"featured_media":4819,"comment_status":"closed","ping_status":"closed","sticky":false,"template":"","format":"standard","meta":{"footnotes":""},"categories":[15],"tags":[],"class_list":["post-4818","post","type-post","status-publish","format-standard","has-post-thumbnail","hentry","category-deporte"],"_links":{"self":[{"href":"https:\/\/notidiario24.com.ar\/portalweb\/wp-json\/wp\/v2\/posts\/4818","targetHints":{"allow":["GET"]}}],"collection":[{"href":"https:\/\/notidiario24.com.ar\/portalweb\/wp-json\/wp\/v2\/posts"}],"about":[{"href":"https:\/\/notidiario24.com.ar\/portalweb\/wp-json\/wp\/v2\/types\/post"}],"author":[{"embeddable":true,"href":"https:\/\/notidiario24.com.ar\/portalweb\/wp-json\/wp\/v2\/users\/1"}],"replies":[{"embeddable":true,"href":"https:\/\/notidiario24.com.ar\/portalweb\/wp-json\/wp\/v2\/comments?post=4818"}],"version-history":[{"count":1,"href":"https:\/\/notidiario24.com.ar\/portalweb\/wp-json\/wp\/v2\/posts\/4818\/revisions"}],"predecessor-version":[{"id":4820,"href":"https:\/\/notidiario24.com.ar\/portalweb\/wp-json\/wp\/v2\/posts\/4818\/revisions\/4820"}],"wp:featuredmedia":[{"embeddable":true,"href":"https:\/\/notidiario24.com.ar\/portalweb\/wp-json\/wp\/v2\/media\/4819"}],"wp:attachment":[{"href":"https:\/\/notidiario24.com.ar\/portalweb\/wp-json\/wp\/v2\/media?parent=4818"}],"wp:term":[{"taxonomy":"category","embeddable":true,"href":"https:\/\/notidiario24.com.ar\/portalweb\/wp-json\/wp\/v2\/categories?post=4818"},{"taxonomy":"post_tag","embeddable":true,"href":"https:\/\/notidiario24.com.ar\/portalweb\/wp-json\/wp\/v2\/tags?post=4818"}],"curies":[{"name":"wp","href":"https:\/\/api.w.org\/{rel}","templated":true}]}}