{"id":4815,"date":"2025-07-28T19:00:48","date_gmt":"2025-07-28T19:00:48","guid":{"rendered":"https:\/\/notidiario24.com.ar\/portalweb\/?p=4815"},"modified":"2025-07-28T19:00:48","modified_gmt":"2025-07-28T19:00:48","slug":"educacion-firmo-convenio-con-atsa-para-la-formacion-de-profesionales-de-la-sanidad","status":"publish","type":"post","link":"https:\/\/notidiario24.com.ar\/portalweb\/2025\/07\/28\/educacion-firmo-convenio-con-atsa-para-la-formacion-de-profesionales-de-la-sanidad\/","title":{"rendered":"Educaci\u00f3n firm\u00f3 convenio con ATSA para la formaci\u00f3n de profesionales de la sanidad"},"content":{"rendered":"\n<p>El Gobierno de Santa Cruz, a trav\u00e9s del Consejo Provincial de Educaci\u00f3n, firm\u00f3 un convenio marco de colaboraci\u00f3n con la Asociaci\u00f3n de Trabajadores de la Sanidad Argentina (ATSA), con el objetivo de generar espacios de formaci\u00f3n, capacitaci\u00f3n y actualizaci\u00f3n para los profesionales del sector sanitario.<\/p>\n\n\n\n<!--more-->\n\n\n\n<p>El acuerdo establece una articulaci\u00f3n institucional para planificar, coordinar y ejecutar acciones conjuntas, entre ellas capacitaciones laborales, proyectos educativos, pr\u00e1cticas profesionalizantes, asistencia t\u00e9cnica, intercambio de recursos y uso compartido de infraestructura.<\/p>\n\n\n\n<p>Durante el encuentro, la secretaria general de ATSA, Silvia Leiva, valor\u00f3 la firma del convenio y expres\u00f3 que esta iniciativa \u201cnos permite estar m\u00e1s formados, m\u00e1s capacitados y brindar un mejor servicio a la comunidad\u201d, destacando el impacto positivo de estas instancias en la calidad del trabajo que realizan los profesionales de la salud.<\/p>\n\n\n\n<p>A trav\u00e9s de este convenio, se busca potenciar los procesos formativos y fortalecer el v\u00ednculo entre Educaci\u00f3n y Salud, fomentando la participaci\u00f3n en proyectos comunes vinculados al bienestar comunitario, el derecho laboral y la mejora continua de los servicios p\u00fablicos.<\/p>\n\n\n\n<p>El Consejo Provincial de Educaci\u00f3n, en tanto, se compromete a declarar de inter\u00e9s educativo aquellos cursos y programas que surjan de esta articulaci\u00f3n, siempre que se ajusten a la normativa vigente, promoviendo de esta manera una formaci\u00f3n con reconocimiento institucional.<\/p>\n\n\n\n<p>Esta firma se enmarca dentro del compromiso sostenido del Gobierno Provincial con la formaci\u00f3n continua de todos los trabajadores y trabajadoras, entendiendo que la capacitaci\u00f3n es un pilar fundamental para construir una sociedad m\u00e1s justa, preparada y al servicio de las necesidades de la comunidad.<\/p>\n","protected":false},"excerpt":{"rendered":"<p>El Gobierno de Santa Cruz, a trav\u00e9s del Consejo Provincial de Educaci\u00f3n, firm\u00f3 un convenio marco de colaboraci\u00f3n<\/p>\n","protected":false},"author":1,"featured_media":4816,"comment_status":"closed","ping_status":"closed","sticky":false,"template":"","format":"standard","meta":{"footnotes":""},"categories":[1],"tags":[],"class_list":["post-4815","post","type-post","status-publish","format-standard","has-post-thumbnail","hentry","category-gremiales"],"_links":{"self":[{"href":"https:\/\/notidiario24.com.ar\/portalweb\/wp-json\/wp\/v2\/posts\/4815","targetHints":{"allow":["GET"]}}],"collection":[{"href":"https:\/\/notidiario24.com.ar\/portalweb\/wp-json\/wp\/v2\/posts"}],"about":[{"href":"https:\/\/notidiario24.com.ar\/portalweb\/wp-json\/wp\/v2\/types\/post"}],"author":[{"embeddable":true,"href":"https:\/\/notidiario24.com.ar\/portalweb\/wp-json\/wp\/v2\/users\/1"}],"replies":[{"embeddable":true,"href":"https:\/\/notidiario24.com.ar\/portalweb\/wp-json\/wp\/v2\/comments?post=4815"}],"version-history":[{"count":1,"href":"https:\/\/notidiario24.com.ar\/portalweb\/wp-json\/wp\/v2\/posts\/4815\/revisions"}],"predecessor-version":[{"id":4817,"href":"https:\/\/notidiario24.com.ar\/portalweb\/wp-json\/wp\/v2\/posts\/4815\/revisions\/4817"}],"wp:featuredmedia":[{"embeddable":true,"href":"https:\/\/notidiario24.com.ar\/portalweb\/wp-json\/wp\/v2\/media\/4816"}],"wp:attachment":[{"href":"https:\/\/notidiario24.com.ar\/portalweb\/wp-json\/wp\/v2\/media?parent=4815"}],"wp:term":[{"taxonomy":"category","embeddable":true,"href":"https:\/\/notidiario24.com.ar\/portalweb\/wp-json\/wp\/v2\/categories?post=4815"},{"taxonomy":"post_tag","embeddable":true,"href":"https:\/\/notidiario24.com.ar\/portalweb\/wp-json\/wp\/v2\/tags?post=4815"}],"curies":[{"name":"wp","href":"https:\/\/api.w.org\/{rel}","templated":true}]}}