{"id":4811,"date":"2025-07-25T01:31:06","date_gmt":"2025-07-25T01:31:06","guid":{"rendered":"https:\/\/notidiario24.com.ar\/portalweb\/?p=4811"},"modified":"2025-07-25T01:31:07","modified_gmt":"2025-07-25T01:31:07","slug":"operativo-de-emergencia-ante-el-tragico-accidente-en-ruta-nacional-no-3","status":"publish","type":"post","link":"https:\/\/notidiario24.com.ar\/portalweb\/2025\/07\/25\/operativo-de-emergencia-ante-el-tragico-accidente-en-ruta-nacional-no-3\/","title":{"rendered":"Operativo de emergencia ante el tr\u00e1gico accidente en Ruta Nacional N\u00ba 3"},"content":{"rendered":"\n<p>Este jueves por la noche, alrededor de las 20:00, se produjo un grave accidente en la Ruta Nacional N.\u00ba 3, a unos 8 kil\u00f3metros de G\u00fcer Aike, en el que se vieron involucrados un cami\u00f3n y un colectivo de la empresa Andesmar que circulaban en direcci\u00f3n norte desde R\u00edo Gallegos.<\/p>\n\n\n\n<!--more-->\n\n\n\n<p>Seg\u00fan los primeros informes brindados por la Polic\u00eda de la Provincia, el cami\u00f3n impact\u00f3 desde atr\u00e1s al colectivo, provocando que este se desplazara m\u00e1s de 500 metros fuera de la calzada. Si bien el sector de la ruta se encontraba en buenas condiciones, se investiga la posibilidad de que el chofer del cami\u00f3n se haya dormido al volante.<\/p>\n\n\n\n<p>Lamentablemente, se confirmaron tres v\u00edctimas fatales: el conductor del cami\u00f3n y dos pasajeros del colectivo. Todos los heridos fueron trasladados de manera inmediata al Hospital Regional de R\u00edo Gallegos, donde est\u00e1n siendo asistidos.<\/p>\n\n\n\n<p>Desde el primer momento, el Estado Provincial activ\u00f3 todos los protocolos de emergencia. Polic\u00eda, Bomberos, Personal de Salud, Protecci\u00f3n Civil y Municipalidad, Fuerzas Armadas y equipos de rescate intervinieron r\u00e1pidamente para brindar asistencia, garantizar la seguridad en la zona y coordinar el traslado de los heridos.<\/p>\n\n\n\n<p>Las Autoridades Provinciales se mantienen en contacto permanente con el equipo m\u00e9dico del hospital y se aguarda un parte oficial sobre el estado de los pacientes.<\/p>\n\n\n\n<iframe loading=\"lazy\" src=\"https:\/\/www.facebook.com\/plugins\/video.php?height=476&#038;href=https%3A%2F%2Fwww.facebook.com%2FLU12AM680%2Fvideos%2F726615533310076%2F&#038;show_text=false&#038;width=267&#038;t=0\" width=\"267\" height=\"476\" style=\"border:none;overflow:hidden\" scrolling=\"no\" frameborder=\"0\" allowfullscreen=\"true\" allow=\"autoplay; clipboard-write; encrypted-media; picture-in-picture; web-share\" allowFullScreen=\"true\"><\/iframe>\n","protected":false},"excerpt":{"rendered":"<p>Este jueves por la noche, alrededor de las 20:00, se produjo un grave accidente en la Ruta Nacional<\/p>\n","protected":false},"author":1,"featured_media":4812,"comment_status":"closed","ping_status":"closed","sticky":false,"template":"","format":"standard","meta":{"footnotes":""},"categories":[3],"tags":[],"class_list":["post-4811","post","type-post","status-publish","format-standard","has-post-thumbnail","hentry","category-generales"],"_links":{"self":[{"href":"https:\/\/notidiario24.com.ar\/portalweb\/wp-json\/wp\/v2\/posts\/4811","targetHints":{"allow":["GET"]}}],"collection":[{"href":"https:\/\/notidiario24.com.ar\/portalweb\/wp-json\/wp\/v2\/posts"}],"about":[{"href":"https:\/\/notidiario24.com.ar\/portalweb\/wp-json\/wp\/v2\/types\/post"}],"author":[{"embeddable":true,"href":"https:\/\/notidiario24.com.ar\/portalweb\/wp-json\/wp\/v2\/users\/1"}],"replies":[{"embeddable":true,"href":"https:\/\/notidiario24.com.ar\/portalweb\/wp-json\/wp\/v2\/comments?post=4811"}],"version-history":[{"count":1,"href":"https:\/\/notidiario24.com.ar\/portalweb\/wp-json\/wp\/v2\/posts\/4811\/revisions"}],"predecessor-version":[{"id":4813,"href":"https:\/\/notidiario24.com.ar\/portalweb\/wp-json\/wp\/v2\/posts\/4811\/revisions\/4813"}],"wp:featuredmedia":[{"embeddable":true,"href":"https:\/\/notidiario24.com.ar\/portalweb\/wp-json\/wp\/v2\/media\/4812"}],"wp:attachment":[{"href":"https:\/\/notidiario24.com.ar\/portalweb\/wp-json\/wp\/v2\/media?parent=4811"}],"wp:term":[{"taxonomy":"category","embeddable":true,"href":"https:\/\/notidiario24.com.ar\/portalweb\/wp-json\/wp\/v2\/categories?post=4811"},{"taxonomy":"post_tag","embeddable":true,"href":"https:\/\/notidiario24.com.ar\/portalweb\/wp-json\/wp\/v2\/tags?post=4811"}],"curies":[{"name":"wp","href":"https:\/\/api.w.org\/{rel}","templated":true}]}}