{"id":4807,"date":"2025-07-24T17:17:06","date_gmt":"2025-07-24T17:17:06","guid":{"rendered":"https:\/\/notidiario24.com.ar\/portalweb\/?p=4807"},"modified":"2025-07-24T17:17:06","modified_gmt":"2025-07-24T17:17:06","slug":"con-juegos-nieve-y-nuevas-experiencias-rio-gallegos-y-rio-turbio-unidos-por-las-colonias-de-invierno-2025","status":"publish","type":"post","link":"https:\/\/notidiario24.com.ar\/portalweb\/2025\/07\/24\/con-juegos-nieve-y-nuevas-experiencias-rio-gallegos-y-rio-turbio-unidos-por-las-colonias-de-invierno-2025\/","title":{"rendered":"Con juegos, nieve y nuevas experiencias: R\u00edo Gallegos y R\u00edo Turbio unidos por las Colonias de Invierno 2025"},"content":{"rendered":"\n<p>Este mi\u00e9rcoles regres\u00f3 a R\u00edo Gallegos el segundo contingente de colonos de 11 y 12 a\u00f1os que viajaron a R\u00edo Turbio como parte de las <strong>Colonias Municipales de Invierno 2025<\/strong>, una propuesta gratuita organizada por la Municipalidad de R\u00edo Gallegos que re\u00fane a m\u00e1s de 1.500 ni\u00f1os y ni\u00f1as de entre 5 y 12 a\u00f1os.<\/p>\n\n\n\n<!--more-->\n\n\n\n<p>El viaje, que incluy\u00f3 a los participantes de los gimnasios <strong>Juan Bautista Rocha, 17 de Octubre e Indio Nicolai<\/strong>, permiti\u00f3 a los chicos disfrutar de dos d\u00edas en la Cuenca Carbon\u00edfera, donde realizaron juegos en la nieve, recorrieron el yacimiento minero y visitaron el <strong>Museo Minero de YCRT<\/strong>, aprendiendo sobre la historia y el valor productivo del carb\u00f3n para la regi\u00f3n.<\/p>\n\n\n\n<blockquote class=\"wp-block-quote is-layout-flow wp-block-quote-is-layout-flow\">\n<p>\u201cFue una experiencia hermosa, sobre todo para ellos. Jugaron sin parar y aprendieron mucho en el museo. Lo m\u00e1s lindo fue ver c\u00f3mo se hicieron amigos entre chicos que no se conoc\u00edan antes del viaje\u201d, cont\u00f3 Melanie Fern\u00e1ndez, referente del gimnasio Rocha.<\/p>\n<\/blockquote>\n\n\n\n<h3 class=\"wp-block-heading\"><strong>Un programa que deja huella<\/strong><\/h3>\n\n\n\n<p>Para muchos chicos, esta fue su \u00faltima participaci\u00f3n como colonos, ya que con 12 a\u00f1os cierran su etapa en las colonias. Varios expresaron su deseo de sumarse en el futuro como monitores, lo que refleja el impacto positivo del programa.<\/p>\n\n\n\n<p>La semana pasada fue el turno del primer grupo, integrado por ni\u00f1os y ni\u00f1as de los gimnasios <strong>Eva Per\u00f3n, Lucho Fern\u00e1ndez y Benjam\u00edn Ver\u00f3n<\/strong>. En conjunto, la propuesta abarca a los seis gimnasios municipales con una amplia agenda de <strong>talleres, deportes, juegos, meriendas, almuerzos y cenas<\/strong>, brindando contenci\u00f3n, recreaci\u00f3n e inclusi\u00f3n.<\/p>\n\n\n\n<h3 class=\"wp-block-heading\"><strong>Cierre a todo ritmo<\/strong><\/h3>\n\n\n\n<p>El <strong>jueves 24 de julio<\/strong>, las colonias cerrar\u00e1n su edici\u00f3n 2025 con una gran fiesta en el gimnasio <strong>Juan Bautista Rocha<\/strong>, que contar\u00e1 con dos turnos \u2014de 15 a 17 horas y de 19 a 21 horas\u2014 con m\u00fasica, juegos y sorpresas para despedir una experiencia que quedar\u00e1 grabada en la memoria de cientos de chicos y chicas.<\/p>\n\n\n\n<p>Desde la gesti\u00f3n del <strong>intendente Pablo Grasso<\/strong> se destac\u00f3 que las Colonias Municipales se han consolidado como una pol\u00edtica p\u00fablica esencial para fortalecer los lazos comunitarios, promover la recreaci\u00f3n y garantizar el derecho al juego y la alegr\u00eda en la infancia.<\/p>\n","protected":false},"excerpt":{"rendered":"<p>Este mi\u00e9rcoles regres\u00f3 a R\u00edo Gallegos el segundo contingente de colonos de 11 y 12 a\u00f1os que viajaron<\/p>\n","protected":false},"author":1,"featured_media":4808,"comment_status":"closed","ping_status":"closed","sticky":false,"template":"","format":"standard","meta":{"footnotes":""},"categories":[3],"tags":[],"class_list":["post-4807","post","type-post","status-publish","format-standard","has-post-thumbnail","hentry","category-generales"],"_links":{"self":[{"href":"https:\/\/notidiario24.com.ar\/portalweb\/wp-json\/wp\/v2\/posts\/4807","targetHints":{"allow":["GET"]}}],"collection":[{"href":"https:\/\/notidiario24.com.ar\/portalweb\/wp-json\/wp\/v2\/posts"}],"about":[{"href":"https:\/\/notidiario24.com.ar\/portalweb\/wp-json\/wp\/v2\/types\/post"}],"author":[{"embeddable":true,"href":"https:\/\/notidiario24.com.ar\/portalweb\/wp-json\/wp\/v2\/users\/1"}],"replies":[{"embeddable":true,"href":"https:\/\/notidiario24.com.ar\/portalweb\/wp-json\/wp\/v2\/comments?post=4807"}],"version-history":[{"count":1,"href":"https:\/\/notidiario24.com.ar\/portalweb\/wp-json\/wp\/v2\/posts\/4807\/revisions"}],"predecessor-version":[{"id":4809,"href":"https:\/\/notidiario24.com.ar\/portalweb\/wp-json\/wp\/v2\/posts\/4807\/revisions\/4809"}],"wp:featuredmedia":[{"embeddable":true,"href":"https:\/\/notidiario24.com.ar\/portalweb\/wp-json\/wp\/v2\/media\/4808"}],"wp:attachment":[{"href":"https:\/\/notidiario24.com.ar\/portalweb\/wp-json\/wp\/v2\/media?parent=4807"}],"wp:term":[{"taxonomy":"category","embeddable":true,"href":"https:\/\/notidiario24.com.ar\/portalweb\/wp-json\/wp\/v2\/categories?post=4807"},{"taxonomy":"post_tag","embeddable":true,"href":"https:\/\/notidiario24.com.ar\/portalweb\/wp-json\/wp\/v2\/tags?post=4807"}],"curies":[{"name":"wp","href":"https:\/\/api.w.org\/{rel}","templated":true}]}}