{"id":4804,"date":"2025-07-24T17:13:19","date_gmt":"2025-07-24T17:13:19","guid":{"rendered":"https:\/\/notidiario24.com.ar\/portalweb\/?p=4804"},"modified":"2025-07-24T17:13:20","modified_gmt":"2025-07-24T17:13:20","slug":"educacion-paro-docente-en-santa-cruz-adosac-confirmo-un-paro-de-72-horas-tras-una-reunion-sin-oferta-salarial","status":"publish","type":"post","link":"https:\/\/notidiario24.com.ar\/portalweb\/2025\/07\/24\/educacion-paro-docente-en-santa-cruz-adosac-confirmo-un-paro-de-72-horas-tras-una-reunion-sin-oferta-salarial\/","title":{"rendered":"EDUCACI\u00d3N | PARO DOCENTE EN SANTA CRUZ, ADOSAC confirm\u00f3 un paro de 72 horas tras una reuni\u00f3n sin oferta salarial"},"content":{"rendered":"\n<p>La Asociaci\u00f3n Docente de Santa Cruz (ADOSAC) anunci\u00f3 un paro de 72 horas a partir del lunes 28 de julio, luego de una reuni\u00f3n con el Gobierno provincial en la que no se present\u00f3 ninguna nueva propuesta salarial. El gremio exige la reapertura inmediata de paritarias, tal como estaba previsto en el acuerdo firmado en marzo.<\/p>\n\n\n\n<!--more-->\n\n\n\n<p>Desde ADOSAC se\u00f1alaron que el Gobierno incumpli\u00f3 con el compromiso de revisar los salarios en julio, lo que, seg\u00fan el gremio, implica un cierre de hecho de la discusi\u00f3n salarial. \u201cEn la pr\u00e1ctica, la paritaria est\u00e1 cerrada\u201d, indicaron en un comunicado.<\/p>\n\n\n\n<p>Uno de los reclamos centrales es la urgente actualizaci\u00f3n salarial para alcanzar, al menos, el valor de la Canasta B\u00e1sica Total (CBT) en la regi\u00f3n patag\u00f3nica. Seg\u00fan datos del Observatorio de la Universidad San Juan Bosco, una familia tipo en R\u00edo Gallegos necesita cerca de $1.480.000 para no caer por debajo de la l\u00ednea de pobreza. Los salarios docentes, afirman desde el sindicato, se encuentran un 40% por debajo de esa cifra.<\/p>\n\n\n\n<p>Durante el encuentro mantenido en el Ministerio de Trabajo, los representantes de ADOSAC tambi\u00e9n reclamaron por la falta de inversi\u00f3n en infraestructura escolar y recordaron el incumplimiento de la Ley Provincial 3305, que establece que el 25% del presupuesto debe destinarse a educaci\u00f3n.<\/p>\n\n\n\n<p>Adem\u00e1s, el gremio advirti\u00f3 que la utilizaci\u00f3n de herramientas como la conciliaci\u00f3n obligatoria \u201cno ofrece soluciones reales al conflicto\u201d.<\/p>\n\n\n\n<p>El paro, que se desarrollar\u00e1 del lunes 28 al mi\u00e9rcoles 30 de julio, fue resuelto por el Congreso Provincial de ADOSAC. Desde el gremio ya se anticip\u00f3 que, de no haber avances, podr\u00edan resolverse nuevas medidas de fuerza.<\/p>\n\n\n\n<p>El conflicto docente se reactiva en el inicio del segundo tramo del ciclo lectivo 2025, con un escenario de tensi\u00f3n entre el sindicato y el Ejecutivo provincial, y una agenda de reclamos que abarca salarios, condiciones edilicias, cumplimiento presupuestario y respeto por los compromisos paritarios asumidos.<\/p>\n\n\n\n<p><em>(Fuente: El Diario Nuevo D\u00eda)<\/em><\/p>\n","protected":false},"excerpt":{"rendered":"<p>La Asociaci\u00f3n Docente de Santa Cruz (ADOSAC) anunci\u00f3 un paro de 72 horas a partir del lunes 28<\/p>\n","protected":false},"author":1,"featured_media":4805,"comment_status":"closed","ping_status":"closed","sticky":false,"template":"","format":"standard","meta":{"footnotes":""},"categories":[1,4],"tags":[],"class_list":["post-4804","post","type-post","status-publish","format-standard","has-post-thumbnail","hentry","category-gremiales","category-politica"],"_links":{"self":[{"href":"https:\/\/notidiario24.com.ar\/portalweb\/wp-json\/wp\/v2\/posts\/4804","targetHints":{"allow":["GET"]}}],"collection":[{"href":"https:\/\/notidiario24.com.ar\/portalweb\/wp-json\/wp\/v2\/posts"}],"about":[{"href":"https:\/\/notidiario24.com.ar\/portalweb\/wp-json\/wp\/v2\/types\/post"}],"author":[{"embeddable":true,"href":"https:\/\/notidiario24.com.ar\/portalweb\/wp-json\/wp\/v2\/users\/1"}],"replies":[{"embeddable":true,"href":"https:\/\/notidiario24.com.ar\/portalweb\/wp-json\/wp\/v2\/comments?post=4804"}],"version-history":[{"count":1,"href":"https:\/\/notidiario24.com.ar\/portalweb\/wp-json\/wp\/v2\/posts\/4804\/revisions"}],"predecessor-version":[{"id":4806,"href":"https:\/\/notidiario24.com.ar\/portalweb\/wp-json\/wp\/v2\/posts\/4804\/revisions\/4806"}],"wp:featuredmedia":[{"embeddable":true,"href":"https:\/\/notidiario24.com.ar\/portalweb\/wp-json\/wp\/v2\/media\/4805"}],"wp:attachment":[{"href":"https:\/\/notidiario24.com.ar\/portalweb\/wp-json\/wp\/v2\/media?parent=4804"}],"wp:term":[{"taxonomy":"category","embeddable":true,"href":"https:\/\/notidiario24.com.ar\/portalweb\/wp-json\/wp\/v2\/categories?post=4804"},{"taxonomy":"post_tag","embeddable":true,"href":"https:\/\/notidiario24.com.ar\/portalweb\/wp-json\/wp\/v2\/tags?post=4804"}],"curies":[{"name":"wp","href":"https:\/\/api.w.org\/{rel}","templated":true}]}}