{"id":4776,"date":"2025-07-19T04:26:12","date_gmt":"2025-07-19T04:26:12","guid":{"rendered":"https:\/\/notidiario24.com.ar\/portalweb\/?p=4776"},"modified":"2025-07-19T04:26:12","modified_gmt":"2025-07-19T04:26:12","slug":"santa-cruz-impulsa-el-asociativismo-y-la-capacitacion-para-emprendedores","status":"publish","type":"post","link":"https:\/\/notidiario24.com.ar\/portalweb\/2025\/07\/19\/santa-cruz-impulsa-el-asociativismo-y-la-capacitacion-para-emprendedores\/","title":{"rendered":"Santa Cruz impulsa el asociativismo y la capacitaci\u00f3n para emprendedores"},"content":{"rendered":"\n<p>Con el objetivo de potenciar y capacitar a los sectores productivos de la provincia, el Gobierno de Santa Cruz, a trav\u00e9s de la Secretar\u00eda de Estado de Econom\u00eda Social, lanz\u00f3 el Plan Provincial de Capacitaciones con una mirada sobre Estrategias Asociativas. La iniciativa busca brindar herramientas a emprendedores y ciudadanos con vocaci\u00f3n de emprender, fomentando el trabajo colaborativo y cooperativo.<\/p>\n\n\n\n<!--more-->\n\n\n\n<p><strong>Fortaleciendo la Econom\u00eda Social a trav\u00e9s del Asociativismo<\/strong><\/p>\n\n\n\n<p>Alberto Parsons, Secretario de Estado de Econom\u00eda Social, dialog\u00f3 con LU14 Radio Provincia sobre los alcances de este nuevo programa. El funcionario enfatiz\u00f3 la intr\u00ednseca relaci\u00f3n entre la econom\u00eda social y las herramientas de cooperativismo y asociativismo. \u00abEn la econom\u00eda social, una de las herramientas que tiene la econom\u00eda social siempre es todo el sistema de cooperativa y asociativismo. Son herramientas que posee la econom\u00eda social\u00bb, explic\u00f3.<\/p>\n\n\n\n<p>La capacitaci\u00f3n busca dotar a los emprendedores santacruce\u00f1os de nuevas habilidades para superar el trabajo individual y solitario, incentiv\u00e1ndolos a asociarse con otras personas que compartan sus intereses o complementen sus actividades. \u00abLa idea es que aprendan a tener otras herramientas que los puedan ir llevando a asociarse con otras personas que quiz\u00e1s hagan lo mismo o que o quiz\u00e1s necesiten su complemento para que entre juntos los dos puedan ir avanzando\u00bb, detall\u00f3 Parsons.<\/p>\n\n\n\n<p><strong>Capacitaci\u00f3n virtual y gratuita para toda la provincia.<\/strong><\/p>\n\n\n\n<p>Una de las caracter\u00edsticas m\u00e1s destacadas de este plan es su modalidad virtual, lo que permitir\u00e1 llegar a la totalidad de la provincia de manera simult\u00e1nea, sorteando las complejidades de la veda invernal. La capacitaci\u00f3n est\u00e1 certificada a trav\u00e9s del INSET (Instituto Superior de Ense\u00f1anza T\u00e9cnica) y est\u00e1 abierta a todos, siendo de car\u00e1cter libre y gratuito.<\/p>\n\n\n\n<p>No hay requisitos previos de inscripci\u00f3n, lo que la convierte en una oportunidad ideal tanto para emprendedores ya consolidados como para aquellos que reci\u00e9n inician su camino en el mundo del emprendimiento. \u00abEs para emprendedores que ya vienen trabajando y es para gente que tambi\u00e9n quiz\u00e1s tiene la vocaci\u00f3n de emprender que todav\u00eda no lo hizo, es una buena manera de arrancar teniendo esta capacitaci\u00f3n le puede abrir los horizontes\u00bb, afirm\u00f3 Parsons.<\/p>\n\n\n\n<p><strong>Colaboraci\u00f3n interministerial y amplia convocatoria<\/strong><\/p>\n\n\n\n<p>El secretario destac\u00f3 la estrecha colaboraci\u00f3n con la Subsecretar\u00eda de Cooperativas, a cargo de Mart\u00edn Molina, evidenciando el compromiso conjunto del Ministerio de la Producci\u00f3n y otros organismos para impulsar el cooperativismo y la creaci\u00f3n de nuevas cooperativas.<\/p>\n\n\n\n<p>Las inscripciones para estas capacitaciones se realizan a trav\u00e9s del formulario&nbsp;<a href=\"https:\/\/forms.gle\/V6rfg8TYYmbfL8qw9\">https:\/\/forms.gle\/V6rfg8TYYmbfL8qw9<\/a>&nbsp;o en los enlaces disponibles en todas las p\u00e1ginas oficiales del ministerio en redes sociales. Los interesados solo deben completar sus datos y recibir el enlace de acceso a la sala de Zoom dos d\u00edas antes del inicio del curso.<\/p>\n\n\n\n<p>La primera capacitaci\u00f3n virtual provincial comenzar\u00e1 el 8 de agosto a las 19:30 horas, bajo el t\u00edtulo \u00abEstrategias Asociativas para Emprendedores de la Econom\u00eda Social\u00bb. Las inscripciones estar\u00e1n abiertas hasta el 6 de agosto, y seg\u00fan Parsons, ya se ha registrado una amplia participaci\u00f3n de toda la provincia en pocos d\u00edas de lanzamiento. El plan no tiene cupos limitados, buscando alcanzar al mayor n\u00famero posible de santacruce\u00f1os.<\/p>\n\n\n\n<p>Para finalizar, el secretario de Estado de Econom\u00eda Social, agradeci\u00f3 la oportunidad de difundir el trabajo de su dependencia, reafirmando el compromiso del gobierno provincial con el desarrollo de la econom\u00eda social y el fortalecimiento de sus emprendedores.<\/p>\n","protected":false},"excerpt":{"rendered":"<p>Con el objetivo de potenciar y capacitar a los sectores productivos de la provincia, el Gobierno de Santa<\/p>\n","protected":false},"author":1,"featured_media":4777,"comment_status":"closed","ping_status":"closed","sticky":false,"template":"","format":"standard","meta":{"footnotes":""},"categories":[4],"tags":[],"class_list":["post-4776","post","type-post","status-publish","format-standard","has-post-thumbnail","hentry","category-politica"],"_links":{"self":[{"href":"https:\/\/notidiario24.com.ar\/portalweb\/wp-json\/wp\/v2\/posts\/4776","targetHints":{"allow":["GET"]}}],"collection":[{"href":"https:\/\/notidiario24.com.ar\/portalweb\/wp-json\/wp\/v2\/posts"}],"about":[{"href":"https:\/\/notidiario24.com.ar\/portalweb\/wp-json\/wp\/v2\/types\/post"}],"author":[{"embeddable":true,"href":"https:\/\/notidiario24.com.ar\/portalweb\/wp-json\/wp\/v2\/users\/1"}],"replies":[{"embeddable":true,"href":"https:\/\/notidiario24.com.ar\/portalweb\/wp-json\/wp\/v2\/comments?post=4776"}],"version-history":[{"count":1,"href":"https:\/\/notidiario24.com.ar\/portalweb\/wp-json\/wp\/v2\/posts\/4776\/revisions"}],"predecessor-version":[{"id":4778,"href":"https:\/\/notidiario24.com.ar\/portalweb\/wp-json\/wp\/v2\/posts\/4776\/revisions\/4778"}],"wp:featuredmedia":[{"embeddable":true,"href":"https:\/\/notidiario24.com.ar\/portalweb\/wp-json\/wp\/v2\/media\/4777"}],"wp:attachment":[{"href":"https:\/\/notidiario24.com.ar\/portalweb\/wp-json\/wp\/v2\/media?parent=4776"}],"wp:term":[{"taxonomy":"category","embeddable":true,"href":"https:\/\/notidiario24.com.ar\/portalweb\/wp-json\/wp\/v2\/categories?post=4776"},{"taxonomy":"post_tag","embeddable":true,"href":"https:\/\/notidiario24.com.ar\/portalweb\/wp-json\/wp\/v2\/tags?post=4776"}],"curies":[{"name":"wp","href":"https:\/\/api.w.org\/{rel}","templated":true}]}}