{"id":4773,"date":"2025-07-19T04:15:27","date_gmt":"2025-07-19T04:15:27","guid":{"rendered":"https:\/\/notidiario24.com.ar\/portalweb\/?p=4773"},"modified":"2025-07-19T04:15:28","modified_gmt":"2025-07-19T04:15:28","slug":"jovenes-taekwondistas-santacrucenos-viajan-al-mundial-de-barcelona","status":"publish","type":"post","link":"https:\/\/notidiario24.com.ar\/portalweb\/2025\/07\/19\/jovenes-taekwondistas-santacrucenos-viajan-al-mundial-de-barcelona\/","title":{"rendered":"J\u00f3venes taekwondistas santacruce\u00f1os viajan al Mundial de Barcelona"},"content":{"rendered":"\n<p>La provincia de Santa Cruz celebra con orgullo la partida de un grupo de j\u00f3venes taekwondistas que representar\u00e1n a la Argentina en el Campeonato Mundial de Barcelona. Este viaje, que materializa a\u00f1os de esfuerzo y dedicaci\u00f3n, cuenta con el respaldo fundamental del Gobierno Provincial y el acompa\u00f1amiento incondicional de las familias.<\/p>\n\n\n\n<!--more-->\n\n\n\n<p>En un encuentro previo a su partida, el Jefe de Gabinete, Daniel \u00c1lvarez, destac\u00f3 el profundo significado de esta gesta para la provincia. \u00abEs un orgullo enorme, m\u00e1s sabiendo todo el sacrificio que ponen ellos a la hora de practicar esta disciplina marcial, a la hora de ser guiados por el maestro Alejandro Vera, por su&nbsp;<em>sabon\u00edn<\/em>&nbsp;(profesor honorable), que m\u00e1s all\u00e1 de lo profesional, nos llena de satisfacci\u00f3n y de mucho orgullo.\u00bb \u00c1lvarez enfatiz\u00f3 la importancia de los valores que el taekwondo inculca en los j\u00f3venes: \u00abM\u00e1s que nada, destacar lo que significa la disciplina del esfuerzo y del trabajo, que es lo que este gobierno tambi\u00e9n permanentemente pregona, porque necesitamos volver a cultivar estas cuestiones que nacen desde el esp\u00edritu.\u00bb<\/p>\n\n\n\n<p>\u00c1lvarez subray\u00f3 el rol esencial de las familias en este proceso: \u00abFundamental porque los chicos seguramente llegan a practicar estas disciplinas, o porque un amigo las practica, o porque sus padres creen que tiene que ser el camino correcto de desarrollo.\u00bb Adem\u00e1s, resalt\u00f3 el compromiso de los padres en la log\u00edstica y el apoyo emocional: \u00abHabr\u00e1n visto ustedes y somos todos testigos de que son los pap\u00e1s o las mam\u00e1s quienes llevan a los chicos en invierno a que puedan cumplir con el horario que corresponde. Y por sobre todas las cosas, d\u00e1ndoles la palabra de aliento cuando las fuerzas flaquean.\u00bb<\/p>\n\n\n\n<p>Por su parte, Alejandro Vera, director de la escuela de taekwondo, brind\u00f3 detalles sobre el arduo camino recorrido por los deportistas. \u00abEs un grupo en donde los chicos compiten desde muy corta edad. Vienen desarroll\u00e1ndose entre cuatro o cinco a\u00f1os de actividad para llegar a este logro y hay que participar de los selectivos.\u00bb Los alumnos seleccionados que parten desde R\u00edo Gallegos son Ivo Marveggio y Valent\u00edn Ca\u00f1uecar, ambos de 14 a\u00f1os. Vera, adem\u00e1s, resalt\u00f3 la clasificaci\u00f3n de otro alumno a la selecci\u00f3n nacional: \u00abNahuel Noguera est\u00e1 clasificado primero en su categor\u00eda individual. \u00c9l particip\u00f3 de varias instancias para poder formar la selecci\u00f3n, donde qued\u00f3 seleccionado y \u00e9l forma parte de la selecci\u00f3n que va a representar a la Argentina en la categor\u00eda juvenil.\u00bb El maestro tambi\u00e9n mencion\u00f3 la extensa trayectoria de la escuela, con \u00abaproximadamente 23 a\u00f1os\u00bb en la calle Col\u00f3n, y el significativo esfuerzo econ\u00f3mico que implica el viaje, estimando un costo de \u00ab$3700 cada uno, m\u00e1s otros gastos de pasaje, alojamiento y traslado, alrededor de 26 millones de pesos.\u00bb<\/p>\n\n\n\n<p>Asimismo, el Secretario de Estado de Deportes, Ezequiel Artieda, expres\u00f3 su satisfacci\u00f3n por este logro: \u00abAlgo la verdad sumamente importante, nos van a representar en el Mundial de Barcelona en taekwondo ITF (International Taekwon-Do Federation), as\u00ed que bueno, la verdad que muy contentos que una vez m\u00e1s un grupo de santacruce\u00f1os tenga la posibilidad de viajar.\u00bb Artieda valor\u00f3 el compromiso de los j\u00f3venes: \u00abHay a\u00f1os de trabajo, acompa\u00f1amiento de la familia, m\u00e1s all\u00e1 del Estado, pero quiero decir, la verdad que por lo que ellos contaban, mucho sacrificio, muchas horas de entrenamiento y muchas veces con edades en las que deben dejar cuestiones personales para dedicarse al entrenamiento, pero bueno, hoy ac\u00e1 est\u00e1n los logros.\u00bb<\/p>\n\n\n\n<p>El Ministro de Gobierno, Nicol\u00e1s Brizuela, tambi\u00e9n se sum\u00f3 a las felicitaciones, destacando la importancia del apoyo gubernamental. \u00abLa verdad que contentos, \u00bfno? Este es el esfuerzo, se lo transmit\u00edamos a ellos, el sacrificio, el trabajo, chicos muy j\u00f3venes. Y que tengan esa responsabilidad, esa conducta que se lo viene inculcando su maestro.\u00bb El ministro enfatiz\u00f3 la visi\u00f3n del gobierno en el fomento del deporte: \u00abPara nosotros como gobierno, como una de las consignas que tenemos, que podamos generar estas cosas y que el apoyo hacia estos deportes que llevan sacrificio y que no se conocen porque muchas veces no salen a la luz, es importante que se conozcan y que se genere ese contagio.\u00bb<\/p>\n\n\n\n<p>Este viaje al Mundial de Barcelona, que se celebrar\u00e1 en Cornell\u00e0, del 22 al 27 de julio de 2025, no solo representa una oportunidad deportiva para los j\u00f3venes santacruce\u00f1os, sino tambi\u00e9n un ejemplo palpable de c\u00f3mo la disciplina, el esfuerzo personal y el apoyo conjunto de la comunidad pueden llevar a la concreci\u00f3n de grandes sue\u00f1os.<\/p>\n","protected":false},"excerpt":{"rendered":"<p>La provincia de Santa Cruz celebra con orgullo la partida de un grupo de j\u00f3venes taekwondistas que representar\u00e1n<\/p>\n","protected":false},"author":1,"featured_media":4774,"comment_status":"closed","ping_status":"closed","sticky":false,"template":"","format":"standard","meta":{"footnotes":""},"categories":[15],"tags":[],"class_list":["post-4773","post","type-post","status-publish","format-standard","has-post-thumbnail","hentry","category-deporte"],"_links":{"self":[{"href":"https:\/\/notidiario24.com.ar\/portalweb\/wp-json\/wp\/v2\/posts\/4773","targetHints":{"allow":["GET"]}}],"collection":[{"href":"https:\/\/notidiario24.com.ar\/portalweb\/wp-json\/wp\/v2\/posts"}],"about":[{"href":"https:\/\/notidiario24.com.ar\/portalweb\/wp-json\/wp\/v2\/types\/post"}],"author":[{"embeddable":true,"href":"https:\/\/notidiario24.com.ar\/portalweb\/wp-json\/wp\/v2\/users\/1"}],"replies":[{"embeddable":true,"href":"https:\/\/notidiario24.com.ar\/portalweb\/wp-json\/wp\/v2\/comments?post=4773"}],"version-history":[{"count":1,"href":"https:\/\/notidiario24.com.ar\/portalweb\/wp-json\/wp\/v2\/posts\/4773\/revisions"}],"predecessor-version":[{"id":4775,"href":"https:\/\/notidiario24.com.ar\/portalweb\/wp-json\/wp\/v2\/posts\/4773\/revisions\/4775"}],"wp:featuredmedia":[{"embeddable":true,"href":"https:\/\/notidiario24.com.ar\/portalweb\/wp-json\/wp\/v2\/media\/4774"}],"wp:attachment":[{"href":"https:\/\/notidiario24.com.ar\/portalweb\/wp-json\/wp\/v2\/media?parent=4773"}],"wp:term":[{"taxonomy":"category","embeddable":true,"href":"https:\/\/notidiario24.com.ar\/portalweb\/wp-json\/wp\/v2\/categories?post=4773"},{"taxonomy":"post_tag","embeddable":true,"href":"https:\/\/notidiario24.com.ar\/portalweb\/wp-json\/wp\/v2\/tags?post=4773"}],"curies":[{"name":"wp","href":"https:\/\/api.w.org\/{rel}","templated":true}]}}