{"id":4764,"date":"2025-07-19T03:45:49","date_gmt":"2025-07-19T03:45:49","guid":{"rendered":"https:\/\/notidiario24.com.ar\/portalweb\/?p=4764"},"modified":"2025-07-19T03:45:49","modified_gmt":"2025-07-19T03:45:49","slug":"represa-cepernic-acuerdo-firmado-para-que-se-reactive-su-construccion","status":"publish","type":"post","link":"https:\/\/notidiario24.com.ar\/portalweb\/2025\/07\/19\/represa-cepernic-acuerdo-firmado-para-que-se-reactive-su-construccion\/","title":{"rendered":"Represa Cepernic: Acuerdo firmado para que se reactive su construcci\u00f3n"},"content":{"rendered":"\n<p>El Gobierno de Santa Cruz celebra la firma de un acuerdo entre ENARSA y la empresa Gezhouba, que permitir\u00e1 reactivar la construcci\u00f3n de la represa hidroel\u00e9ctrica Jorge Cepernic, una obra estrat\u00e9gica para el desarrollo energ\u00e9tico y productivo de la provincia.<\/p>\n\n\n\n<!--more-->\n\n\n\n<p>La represa, que hab\u00eda quedado paralizada durante gran parte del gobierno nacional anterior por falta de acuerdos, podr\u00e1 retomar su ejecuci\u00f3n a partir del pr\u00f3ximo ciclo de obras, una vez finalizado el invierno. Seg\u00fan confirmaron desde ENARSA, ya se concret\u00f3 un primer desembolso de fondos destinado a cubrir los salarios adeudados a los trabajadores que a\u00fan permanecen en el predio. Muchos de ellos llevaban meses sin poder cobrar.<\/p>\n\n\n\n<p>A partir de esta firma, se abre una nueva etapa. Restan dos nuevos desembolsos y la realizaci\u00f3n de algunos ajustes t\u00e9cnicos, pero lo fundamental es que la obra contin\u00faa y ya tiene fecha de reinicio. Se espera la finalizaci\u00f3n del invierno.<\/p>\n\n\n\n<p>El gobernador Claudio Vidal expres\u00f3 su satisfacci\u00f3n por este avance: \u201cEs una gran noticia para Santa Cruz. Las represas siempre significaron trabajo genuino, crecimiento econ\u00f3mico para las localidades cercanas y soberan\u00eda energ\u00e9tica para toda la regi\u00f3n. Este acuerdo es fruto de gestiones serias y persistentes. Estamos cumpliendo y vamos a seguir luchando por cada obra que signifique desarrollo para nuestra provincia\u201d.<\/p>\n\n\n\n<p>Con esta reactivaci\u00f3n, se recupera una de las obras de infraestructura m\u00e1s importantes del pa\u00eds, en el marco de un contexto nacional complejo, y con un claro compromiso del Gobierno Provincial de seguir apostando al trabajo, la producci\u00f3n y la planificaci\u00f3n energ\u00e9tica a largo plazo.<\/p>\n","protected":false},"excerpt":{"rendered":"<p>El Gobierno de Santa Cruz celebra la firma de un acuerdo entre ENARSA y la empresa Gezhouba, que<\/p>\n","protected":false},"author":1,"featured_media":4765,"comment_status":"closed","ping_status":"closed","sticky":false,"template":"","format":"standard","meta":{"footnotes":""},"categories":[4],"tags":[],"class_list":["post-4764","post","type-post","status-publish","format-standard","has-post-thumbnail","hentry","category-politica"],"_links":{"self":[{"href":"https:\/\/notidiario24.com.ar\/portalweb\/wp-json\/wp\/v2\/posts\/4764","targetHints":{"allow":["GET"]}}],"collection":[{"href":"https:\/\/notidiario24.com.ar\/portalweb\/wp-json\/wp\/v2\/posts"}],"about":[{"href":"https:\/\/notidiario24.com.ar\/portalweb\/wp-json\/wp\/v2\/types\/post"}],"author":[{"embeddable":true,"href":"https:\/\/notidiario24.com.ar\/portalweb\/wp-json\/wp\/v2\/users\/1"}],"replies":[{"embeddable":true,"href":"https:\/\/notidiario24.com.ar\/portalweb\/wp-json\/wp\/v2\/comments?post=4764"}],"version-history":[{"count":1,"href":"https:\/\/notidiario24.com.ar\/portalweb\/wp-json\/wp\/v2\/posts\/4764\/revisions"}],"predecessor-version":[{"id":4766,"href":"https:\/\/notidiario24.com.ar\/portalweb\/wp-json\/wp\/v2\/posts\/4764\/revisions\/4766"}],"wp:featuredmedia":[{"embeddable":true,"href":"https:\/\/notidiario24.com.ar\/portalweb\/wp-json\/wp\/v2\/media\/4765"}],"wp:attachment":[{"href":"https:\/\/notidiario24.com.ar\/portalweb\/wp-json\/wp\/v2\/media?parent=4764"}],"wp:term":[{"taxonomy":"category","embeddable":true,"href":"https:\/\/notidiario24.com.ar\/portalweb\/wp-json\/wp\/v2\/categories?post=4764"},{"taxonomy":"post_tag","embeddable":true,"href":"https:\/\/notidiario24.com.ar\/portalweb\/wp-json\/wp\/v2\/tags?post=4764"}],"curies":[{"name":"wp","href":"https:\/\/api.w.org\/{rel}","templated":true}]}}