{"id":4605,"date":"2025-06-30T19:28:51","date_gmt":"2025-06-30T19:28:51","guid":{"rendered":"https:\/\/notidiario24.com.ar\/portalweb\/?p=4605"},"modified":"2025-06-30T19:28:52","modified_gmt":"2025-06-30T19:28:52","slug":"claudio-vidal-convoco-a-elecciones-en-canadon-seco-y-abriran-la-inscripcion-a-extranjeros-para-votar","status":"publish","type":"post","link":"https:\/\/notidiario24.com.ar\/portalweb\/2025\/06\/30\/claudio-vidal-convoco-a-elecciones-en-canadon-seco-y-abriran-la-inscripcion-a-extranjeros-para-votar\/","title":{"rendered":"Claudio Vidal convoc\u00f3 a elecciones en Ca\u00f1ad\u00f3n Seco y abrir\u00e1n la inscripci\u00f3n a extranjeros para votar"},"content":{"rendered":"\n<p>El gobernador firm\u00f3 el decreto que establece el 26 de octubre como fecha para elegir un nuevo presidente comunal tras la muerte de Jorge Soloaga. Los extranjeros con un a\u00f1o de residencia podr\u00e1n empadronarse desde el 12 de julio. Tras la derogaci\u00f3n de la Ley de Lemas y la sanci\u00f3n de apuro de una Ley Electoral Transitoria, el peronismo ya confirm\u00f3 a Gabriel Galarza como su candidato.<\/p>\n\n\n\n<!--more-->\n\n\n\n<p>A poco menos de dos meses del fallecimiento del hist\u00f3rico dirigente Jorge Soloaga, la provincia de Santa Cruz convoc\u00f3 a elecciones extraordinarias en Ca\u00f1ad\u00f3n Seco para el pr\u00f3ximo 26 de octubre. La medida fue oficializada mediante el Decreto N\u00b0 0496\/2025 del gobernador Claudio Vidal, y establece el llamado al electorado para designar un nuevo presidente de la Comisi\u00f3n de Fomento, conforme lo previsto en la Ley Provincial N\u00b0 55.<\/p>\n\n\n\n<p>La decisi\u00f3n se da en un contexto institucional complejo. Jorge Soloaga, de 67 a\u00f1os, falleci\u00f3 el 2 de mayo tras una larga lucha contra un c\u00e1ncer que le fue diagnosticado en 2020. Referente del justicialismo provincial, hab\u00eda sido reelecto para un tercer mandato en octubre de 2023 con el 58,79% de los votos. Su gesti\u00f3n dej\u00f3 una fuerte impronta en la pol\u00edtica local, con \u00e9nfasis en el desarrollo productivo, la cultura y la defensa de los recursos hidrocarbur\u00edferos. Pero tambi\u00e9n su figura qued\u00f3 en medio de la pol\u00e9mica al final de su carrera por una denuncia por abuso sexual en una causa judicial en la que qued\u00f3 procesado.<\/p>\n\n\n\n<p>Durante sus \u00faltimos meses, su estado de salud se deterior\u00f3 progresivamente. Fue internado en Caleta Olivia y su fallecimiento marc\u00f3 el cierre de una etapa pol\u00edtica que comenz\u00f3 mucho antes de 2015, a\u00f1o en que asumi\u00f3 por primera vez la jefatura comunal. En 2022 hab\u00eda publicado Mensajes Pol\u00edticos, una obra donde sintetizaba su pensamiento y trayectoria p\u00fablica.<\/p>\n\n\n\n<p>Con su muerte, y al no haberse cumplido a\u00fan la mitad del mandato, se activ\u00f3 lo dispuesto por el art\u00edculo 93 de la Ley N\u00b0 55: el secretario de la Comisi\u00f3n, Carlos Lisoni, qued\u00f3 a cargo de forma interina.<\/p>\n\n\n\n<p>Sin embargo, la situaci\u00f3n pol\u00edtica se vio a\u00fan m\u00e1s tensionada por un vac\u00edo legal derivado de la derogaci\u00f3n de la Ley de Lemas en Santa Cruz, sin que hasta el momento de la defunci\u00f3n de Soloaga se haya sancionado un nuevo r\u00e9gimen electoral. Por eso el oficialismo apur\u00f3 en la C\u00e1mara de Diputados la sanci\u00f3n de una Ley Electoral Transitoria con vigencia hasta el 31 de diciembre de 2025.<\/p>\n\n\n\n<p>Entonces, el Ejecutivo provincial avanz\u00f3 con la convocatoria. El decreto establece que la elecci\u00f3n ser\u00e1 directa y por simple pluralidad de sufragios, utilizando tanto el Registro Nacional de Electores como el Registro de Electores Extranjeros. El acto eleccionario ser\u00e1 supervisado por el Tribunal Electoral Permanente y otras autoridades judiciales.<\/p>\n\n\n\n<p>Residentes extranjeros podr\u00e1n votar<br>En ese marco, la Subsecretar\u00eda de Gobierno y Asuntos Registrales anunci\u00f3 que los residentes extranjeros podr\u00e1n inscribirse para votar entre el 12 de julio y el 10 de agosto. La inscripci\u00f3n se realizar\u00e1 en la seccional del Registro Civil de la localidad, y est\u00e1 destinada a extranjeros con al menos un a\u00f1o de residencia comprobada en Ca\u00f1ad\u00f3n Seco. Adem\u00e1s, deber\u00e1n acreditar uno de los siguientes requisitos: ser contribuyentes, tener c\u00f3nyuge o hijos argentinos, ejercer una profesi\u00f3n liberal o docente, u ocupar cargos directivos en asociaciones gremiales reconocidas.<\/p>\n\n\n\n<p>La subsecretaria Soledad Boggio subray\u00f3 que este empadronamiento garantiza \u201cel ejercicio democr\u00e1tico de los derechos pol\u00edticos a todos los residentes\u201d, en l\u00ednea con lo dispuesto por la ley provincial.<\/p>\n\n\n\n<p>Gabriel Galarza es el primer candidato en Ca\u00f1ad\u00f3n Seco<br>Mientras tanto, el Partido Justicialista de Santa Cruz ya confirm\u00f3 su candidato para suceder a Soloaga: Gabriel Galarza, actual director de Desarrollo Social. La proclamaci\u00f3n tuvo lugar en una asamblea de afiliados realizada a mediados de junio, donde se impuso sobre Carlos Lisoni, el dirigente que qued\u00f3 a cargo interinamente de la comisi\u00f3n.<\/p>\n\n\n\n<p>Galarza, de 43 a\u00f1os, tiene una amplia trayectoria local. Antes de asumir su cargo actual, fue subdirector de Deportes y pertenece a una familia profundamente ligada al justicialismo: sus abuelos Pedro y Nelly fueron militantes desde los or\u00edgenes del movimiento, y su padre presidi\u00f3 el Consejo Local de Caleta Olivia. Durante la asamblea, se comprometi\u00f3 a una campa\u00f1a basada en \u201cunidad partidaria, consenso vecinal y justicia social\u201d, una f\u00f3rmula que busca sostener el legado de Soloaga en un contexto econ\u00f3mico adverso para la localidad petrolera.<\/p>\n\n\n\n<p>Con la fecha confirmada, los padrones en proceso de actualizaci\u00f3n y las primeras definiciones partidarias en marcha, Ca\u00f1ad\u00f3n Seco se prepara para una elecci\u00f3n que marcar\u00e1 el final de una era pol\u00edtica y el inicio de una nueva etapa institucional<\/p>\n","protected":false},"excerpt":{"rendered":"<p>El gobernador firm\u00f3 el decreto que establece el 26 de octubre como fecha para elegir un nuevo presidente<\/p>\n","protected":false},"author":1,"featured_media":4606,"comment_status":"closed","ping_status":"closed","sticky":false,"template":"","format":"standard","meta":{"footnotes":""},"categories":[4],"tags":[],"class_list":["post-4605","post","type-post","status-publish","format-standard","has-post-thumbnail","hentry","category-politica"],"_links":{"self":[{"href":"https:\/\/notidiario24.com.ar\/portalweb\/wp-json\/wp\/v2\/posts\/4605","targetHints":{"allow":["GET"]}}],"collection":[{"href":"https:\/\/notidiario24.com.ar\/portalweb\/wp-json\/wp\/v2\/posts"}],"about":[{"href":"https:\/\/notidiario24.com.ar\/portalweb\/wp-json\/wp\/v2\/types\/post"}],"author":[{"embeddable":true,"href":"https:\/\/notidiario24.com.ar\/portalweb\/wp-json\/wp\/v2\/users\/1"}],"replies":[{"embeddable":true,"href":"https:\/\/notidiario24.com.ar\/portalweb\/wp-json\/wp\/v2\/comments?post=4605"}],"version-history":[{"count":1,"href":"https:\/\/notidiario24.com.ar\/portalweb\/wp-json\/wp\/v2\/posts\/4605\/revisions"}],"predecessor-version":[{"id":4607,"href":"https:\/\/notidiario24.com.ar\/portalweb\/wp-json\/wp\/v2\/posts\/4605\/revisions\/4607"}],"wp:featuredmedia":[{"embeddable":true,"href":"https:\/\/notidiario24.com.ar\/portalweb\/wp-json\/wp\/v2\/media\/4606"}],"wp:attachment":[{"href":"https:\/\/notidiario24.com.ar\/portalweb\/wp-json\/wp\/v2\/media?parent=4605"}],"wp:term":[{"taxonomy":"category","embeddable":true,"href":"https:\/\/notidiario24.com.ar\/portalweb\/wp-json\/wp\/v2\/categories?post=4605"},{"taxonomy":"post_tag","embeddable":true,"href":"https:\/\/notidiario24.com.ar\/portalweb\/wp-json\/wp\/v2\/tags?post=4605"}],"curies":[{"name":"wp","href":"https:\/\/api.w.org\/{rel}","templated":true}]}}