{"id":4602,"date":"2025-06-30T19:24:49","date_gmt":"2025-06-30T19:24:49","guid":{"rendered":"https:\/\/notidiario24.com.ar\/portalweb\/?p=4602"},"modified":"2025-06-30T19:24:49","modified_gmt":"2025-06-30T19:24:49","slug":"taller-de-lengua-de-senas-argentinas-en-piedra-buena-compromiso-con-la-inclusion-y-la-accesibilidad","status":"publish","type":"post","link":"https:\/\/notidiario24.com.ar\/portalweb\/2025\/06\/30\/taller-de-lengua-de-senas-argentinas-en-piedra-buena-compromiso-con-la-inclusion-y-la-accesibilidad\/","title":{"rendered":"Taller de Lengua de Se\u00f1as Argentinas en Piedra Buena: compromiso con la inclusi\u00f3n y la accesibilidad"},"content":{"rendered":"\n<p>Este s\u00e1bado, el Centro Integrador Comunitario (CIC) N\u00e9stor Kirchner de Comandante Luis Piedra Buena fue sede de un importante taller de <strong>Lengua de Se\u00f1as Argentinas (LSA)<\/strong>, organizado por la <strong>Jefatura de Discapacidad e Inclusi\u00f3n<\/strong>, dependiente de la Municipalidad local. La actividad forma parte de una agenda orientada a <strong>fortalecer la inclusi\u00f3n y garantizar derechos a trav\u00e9s del acceso a la comunicaci\u00f3n<\/strong>.<\/p>\n\n\n\n<!--more-->\n\n\n\n<p>El encuentro fue dictado por la <strong>Lic. Celia Corzo<\/strong>, profesora de Educaci\u00f3n Especial con amplia trayectoria, quien comparti\u00f3 herramientas b\u00e1sicas de LSA con un enfoque pr\u00e1ctico, accesible y participativo. La convocatoria fue numerosa y diversa, con presencia de <strong>representantes de instituciones educativas, \u00e1reas municipales, fuerzas armadas y vecinos interesados<\/strong> en incorporar conocimientos fundamentales para una sociedad m\u00e1s inclusiva.<\/p>\n\n\n\n<p>El evento cont\u00f3 con la participaci\u00f3n de la <strong>intendente Anal\u00eda Far\u00edas<\/strong>, junto a autoridades del Ejecutivo y Legislativo local, como la <strong>presidenta del Honorable Concejo Deliberante, profesora Liliana Llampa<\/strong>, el <strong>vicepresidente segundo, Fabi\u00e1n Cofre<\/strong>, el <strong>secretario de Desarrollo Comunitario, Carlos Lagos<\/strong>, y las secretarias de <strong>Hacienda<\/strong>, <strong>Romina Figueroa<\/strong>, y de <strong>Planeamiento<\/strong>, <strong>Silvina Figueroa<\/strong>.<\/p>\n\n\n\n<p>Desde el municipio se destac\u00f3 que este tipo de instancias son esenciales para <strong>derribar barreras de comunicaci\u00f3n y avanzar hacia una comunidad m\u00e1s equitativa y emp\u00e1tica<\/strong>. La propuesta se enmarca en la gesti\u00f3n de la intendenta Anal\u00eda Far\u00edas, que impulsa pol\u00edticas p\u00fablicas bajo el lema <strong>#Gesti\u00f3nConVos<\/strong>, promoviendo la participaci\u00f3n, la inclusi\u00f3n y la formaci\u00f3n ciudadana.<\/p>\n\n\n\n<iframe loading=\"lazy\" src=\"https:\/\/www.facebook.com\/plugins\/post.php?href=https%3A%2F%2Fwww.facebook.com%2Fpermalink.php%3Fstory_fbid%3Dpfbid0ZQDn9AiRkidZGNAjZRR5hnvsYAjpVESn9kAdraotss9FatDdy4vaeodtaD72AgYTl%26id%3D61554404936638&#038;show_text=true&#038;width=500\" width=\"500\" height=\"773\" style=\"border:none;overflow:hidden\" scrolling=\"no\" frameborder=\"0\" allowfullscreen=\"true\" allow=\"autoplay; clipboard-write; encrypted-media; picture-in-picture; web-share\"><\/iframe>\n\n\n\n<p><\/p>\n","protected":false},"excerpt":{"rendered":"<p>Este s\u00e1bado, el Centro Integrador Comunitario (CIC) N\u00e9stor Kirchner de Comandante Luis Piedra Buena fue sede de un<\/p>\n","protected":false},"author":1,"featured_media":4603,"comment_status":"closed","ping_status":"closed","sticky":false,"template":"","format":"standard","meta":{"footnotes":""},"categories":[3],"tags":[],"class_list":["post-4602","post","type-post","status-publish","format-standard","has-post-thumbnail","hentry","category-generales"],"_links":{"self":[{"href":"https:\/\/notidiario24.com.ar\/portalweb\/wp-json\/wp\/v2\/posts\/4602","targetHints":{"allow":["GET"]}}],"collection":[{"href":"https:\/\/notidiario24.com.ar\/portalweb\/wp-json\/wp\/v2\/posts"}],"about":[{"href":"https:\/\/notidiario24.com.ar\/portalweb\/wp-json\/wp\/v2\/types\/post"}],"author":[{"embeddable":true,"href":"https:\/\/notidiario24.com.ar\/portalweb\/wp-json\/wp\/v2\/users\/1"}],"replies":[{"embeddable":true,"href":"https:\/\/notidiario24.com.ar\/portalweb\/wp-json\/wp\/v2\/comments?post=4602"}],"version-history":[{"count":1,"href":"https:\/\/notidiario24.com.ar\/portalweb\/wp-json\/wp\/v2\/posts\/4602\/revisions"}],"predecessor-version":[{"id":4604,"href":"https:\/\/notidiario24.com.ar\/portalweb\/wp-json\/wp\/v2\/posts\/4602\/revisions\/4604"}],"wp:featuredmedia":[{"embeddable":true,"href":"https:\/\/notidiario24.com.ar\/portalweb\/wp-json\/wp\/v2\/media\/4603"}],"wp:attachment":[{"href":"https:\/\/notidiario24.com.ar\/portalweb\/wp-json\/wp\/v2\/media?parent=4602"}],"wp:term":[{"taxonomy":"category","embeddable":true,"href":"https:\/\/notidiario24.com.ar\/portalweb\/wp-json\/wp\/v2\/categories?post=4602"},{"taxonomy":"post_tag","embeddable":true,"href":"https:\/\/notidiario24.com.ar\/portalweb\/wp-json\/wp\/v2\/tags?post=4602"}],"curies":[{"name":"wp","href":"https:\/\/api.w.org\/{rel}","templated":true}]}}