{"id":4392,"date":"2025-06-09T22:58:29","date_gmt":"2025-06-09T22:58:29","guid":{"rendered":"https:\/\/notidiario24.com.ar\/portalweb\/?p=4392"},"modified":"2025-06-09T23:22:41","modified_gmt":"2025-06-09T23:22:41","slug":"gallegos-cumbia-dos-noches-de-musica-y-15-bandas-locales-en-la-sociedad-rural","status":"publish","type":"post","link":"https:\/\/notidiario24.com.ar\/portalweb\/2025\/06\/09\/gallegos-cumbia-dos-noches-de-musica-y-15-bandas-locales-en-la-sociedad-rural\/","title":{"rendered":"\u201cGallegos Cumbia\u201d: Dos noches de m\u00fasica y 15 bandas locales en la Sociedad Rural"},"content":{"rendered":"\n<p>Cientos de vecinos y vecinas disfrutaron de la m\u00fasica y la gastronom\u00eda este fin de semana en las instalaciones de la Sociedad Rural de R\u00edo Gallegos, donde se llev\u00f3 adelante con gran \u00e9xito una nueva edici\u00f3n de \u201cGallegos Cumbia\u201d organizado por la Municipalidade de R\u00edo Gallegos.<\/p>\n\n\n\n<p>Durante dos noches, el predio ubicado en San Mart\u00edn e Hip\u00f3lito Yrigoyen fue el epicentro de una fiesta popular, donde m\u00e1s de 15 bandas locales se subieron al escenario al ritmo de la cumbia. Con entrada libre y gratuita, el p\u00fablico disfrut\u00f3 tambi\u00e9n del ya tradicional Patio Patag\u00f3nico, con propuestas gastron\u00f3micas para todos los gustos.<br>La grilla incluy\u00f3 a artistas y grupos que vienen creciendo en la escena local: La Kariitoo, Cumbia Perro, La Banda del Negro, La Gira, Tropicumbia, LBM, Rolo la Fiesta, Banda al L\u00edmite, La Pichiband, Grupo Energ\u00eda, Banda Extrema, Dany y su Banda, Zaribandy Kevin y LPR.<\/p>\n\n\n\n<p>Zarina Giardino, directora de Eventos, Obras y Espect\u00e1culos de la Municipalidad, celebr\u00f3 el acompa\u00f1amiento del p\u00fablico y destac\u00f3 que \u201ceste tipo de iniciativas no s\u00f3lo promueven nuestros g\u00e9neros populares, como la cumbia, sino que tambi\u00e9n fortalecen el trabajo de los artistas locales, quienes hoy tienen un escenario, visibilidad y tambi\u00e9n un reconocimiento econ\u00f3mico por su labor\u201d.<br>En esa l\u00ednea, resalt\u00f3 el apoyo del intendente Pablo Grasso, remarcando que \u201cse sigue apostando fuerte a la cultura, con propuestas accesibles, para toda la familia, y con espacio para todos los g\u00e9neros musicales\u201d.<br>La funcionaria tambi\u00e9n invit\u00f3 a m\u00fasicos emergentes a acercarse a la Secretar\u00eda de Desarrollo Comunitario para sumarse a futuras ediciones.<br>\u201cGallegos Cumbia\u201d demostr\u00f3 que la cultura popular tiene un espacio consolidado en la ciudad, como parte de un ciclo que tambi\u00e9n incluye eventos como Gallegos Rock, Gallegos Cuarteto y el pr\u00f3ximo Gallegos Tanguero, que contar\u00e1 con artistas de renombre nacional como Mora Godoy.<\/p>\n","protected":false},"excerpt":{"rendered":"<p>Cientos de vecinos y vecinas disfrutaron de la m\u00fasica y la gastronom\u00eda este fin de semana en las<\/p>\n","protected":false},"author":1,"featured_media":4393,"comment_status":"closed","ping_status":"closed","sticky":false,"template":"","format":"standard","meta":{"footnotes":""},"categories":[16],"tags":[],"class_list":["post-4392","post","type-post","status-publish","format-standard","has-post-thumbnail","hentry","category-cultura"],"_links":{"self":[{"href":"https:\/\/notidiario24.com.ar\/portalweb\/wp-json\/wp\/v2\/posts\/4392","targetHints":{"allow":["GET"]}}],"collection":[{"href":"https:\/\/notidiario24.com.ar\/portalweb\/wp-json\/wp\/v2\/posts"}],"about":[{"href":"https:\/\/notidiario24.com.ar\/portalweb\/wp-json\/wp\/v2\/types\/post"}],"author":[{"embeddable":true,"href":"https:\/\/notidiario24.com.ar\/portalweb\/wp-json\/wp\/v2\/users\/1"}],"replies":[{"embeddable":true,"href":"https:\/\/notidiario24.com.ar\/portalweb\/wp-json\/wp\/v2\/comments?post=4392"}],"version-history":[{"count":1,"href":"https:\/\/notidiario24.com.ar\/portalweb\/wp-json\/wp\/v2\/posts\/4392\/revisions"}],"predecessor-version":[{"id":4394,"href":"https:\/\/notidiario24.com.ar\/portalweb\/wp-json\/wp\/v2\/posts\/4392\/revisions\/4394"}],"wp:featuredmedia":[{"embeddable":true,"href":"https:\/\/notidiario24.com.ar\/portalweb\/wp-json\/wp\/v2\/media\/4393"}],"wp:attachment":[{"href":"https:\/\/notidiario24.com.ar\/portalweb\/wp-json\/wp\/v2\/media?parent=4392"}],"wp:term":[{"taxonomy":"category","embeddable":true,"href":"https:\/\/notidiario24.com.ar\/portalweb\/wp-json\/wp\/v2\/categories?post=4392"},{"taxonomy":"post_tag","embeddable":true,"href":"https:\/\/notidiario24.com.ar\/portalweb\/wp-json\/wp\/v2\/tags?post=4392"}],"curies":[{"name":"wp","href":"https:\/\/api.w.org\/{rel}","templated":true}]}}